{"id":223,"date":"2014-02-21T01:12:59","date_gmt":"2014-02-21T00:12:59","guid":{"rendered":"http:\/\/www.irla.cat\/casairla\/?p=223"},"modified":"2017-03-15T01:15:28","modified_gmt":"2017-03-15T00:15:28","slug":"cloenda-exposicio-alexandre-matas","status":"publish","type":"post","link":"https:\/\/irla.cat\/casairla\/2014\/02\/21\/cloenda-exposicio-alexandre-matas\/","title":{"rendered":"Cloenda exposici\u00f3 Alexandre Matas"},"content":{"rendered":"<p>Aquest divendres 21 de febrer de 2014, a les 19h, farem a la Casa Irla l&#8217;acte de cloenda de l&#8217;exposici\u00f3 d&#8217;homenatge a Alexandre Matas.<!--more--><br \/>\nEs projectaran dos documentals. El primer titulat &#8220;Alexandre Matas, un pintor de cavallet&#8221; on es retrata la vida d&#8217;aquest artista i de les seves obres.<\/p>\n<p>Tot seguit es projectaran els documentals &#8220;Preludi en Ja&#8221; i &#8220;Missi\u00f3 espacial&#8221;<\/p>\n<p>Aqu\u00ed teniu un enlla\u00e7 al reportatge que TV Costa Brava va fer sobre l&#8217;exposici\u00f3:<br \/>\n<a href=\"http:\/\/tvcostabrava.xiptv.cat\/l-informatiu-costa-brava\/capitol\/exposicio-d-homenatge-al-pintor-alexandre-matas\" target=\"_blank\">TV Costa Brava. Exposici\u00f3 Alexandre Matas<\/a><\/p>\n<p><iframe loading=\"lazy\" src=\"https:\/\/www.youtube.com\/embed\/AieU3Ui24NU\" width=\"560\" height=\"315\" frameborder=\"0\" allowfullscreen=\"allowfullscreen\"><\/iframe><\/p>\n","protected":false},"excerpt":{"rendered":"<p>Aquest divendres 21 de febrer de 2014, a les 19h, farem a la Casa Irla l&#8217;acte de cloenda de l&#8217;exposici\u00f3<\/p>\n","protected":false},"author":1,"featured_media":224,"comment_status":"open","ping_status":"open","sticky":false,"template":"template-centered.php","format":"standard","meta":{"footnotes":""},"categories":[1],"tags":[],"class_list":["post-223","post","type-post","status-publish","format-standard","has-post-thumbnail","hentry","category-general"],"_links":{"self":[{"href":"https:\/\/irla.cat\/casairla\/wp-json\/wp\/v2\/posts\/223","targetHints":{"allow":["GET"]}}],"collection":[{"href":"https:\/\/irla.cat\/casairla\/wp-json\/wp\/v2\/posts"}],"about":[{"href":"https:\/\/irla.cat\/casairla\/wp-json\/wp\/v2\/types\/post"}],"author":[{"embeddable":true,"href":"https:\/\/irla.cat\/casairla\/wp-json\/wp\/v2\/users\/1"}],"replies":[{"embeddable":true,"href":"https:\/\/irla.cat\/casairla\/wp-json\/wp\/v2\/comments?post=223"}],"version-history":[{"count":1,"href":"https:\/\/irla.cat\/casairla\/wp-json\/wp\/v2\/posts\/223\/revisions"}],"predecessor-version":[{"id":225,"href":"https:\/\/irla.cat\/casairla\/wp-json\/wp\/v2\/posts\/223\/revisions\/225"}],"wp:featuredmedia":[{"embeddable":true,"href":"https:\/\/irla.cat\/casairla\/wp-json\/wp\/v2\/media\/224"}],"wp:attachment":[{"href":"https:\/\/irla.cat\/casairla\/wp-json\/wp\/v2\/media?parent=223"}],"wp:term":[{"taxonomy":"category","embeddable":true,"href":"https:\/\/irla.cat\/casairla\/wp-json\/wp\/v2\/categories?post=223"},{"taxonomy":"post_tag","embeddable":true,"href":"https:\/\/irla.cat\/casairla\/wp-json\/wp\/v2\/tags?post=223"}],"curies":[{"name":"wp","href":"https:\/\/api.w.org\/{rel}","templated":true}]}}