{"id":2225,"date":"2024-01-22T09:20:01","date_gmt":"2024-01-22T08:20:01","guid":{"rendered":"https:\/\/irla.cat\/casairla\/?p=2225"},"modified":"2024-01-18T09:24:25","modified_gmt":"2024-01-18T08:24:25","slug":"cicle-de-conferencies-el-fil-de-la-memoria-amb-pilar-frances","status":"publish","type":"post","link":"https:\/\/irla.cat\/casairla\/2024\/01\/22\/cicle-de-conferencies-el-fil-de-la-memoria-amb-pilar-frances\/","title":{"rendered":"Cicle de confer\u00e8ncies &#8220;El fil de la mem\u00f2ria&#8221; amb Pilar Franc\u00e8s"},"content":{"rendered":"\n<p>Divendres dia 26 de gener a les 19 h encetem el cicle de confer\u00e8ncies amb la Pilar Franc\u00e8s sobre mem\u00f2ria hist\u00f2rica.<\/p>\n\n\n\n<p>No m\u2019hauria imaginat mai que em dedicaria a explicar hist\u00f2ries sobre la mem\u00f2ria hist\u00f2rica. \u00c9s una feina dur\u00edssima, per\u00f2, alhora, \u00e9s mot gratificant.<\/p>\n\n\n\n<p>Escoltar la veu dels protagonistes de la nostra guerra civil, acompanyar-los mentre ploren en silenci tot recordant el passat, em fa adonar que cada relat \u00e9s una pe\u00e7a cabdal del trencaclosques de la gran hist\u00f2ria mundial.<\/p>\n\n\n\n<p>Abans que no sigui massa tard, preservem-la!<\/p>\n\n\n\n<p><\/p>\n","protected":false},"excerpt":{"rendered":"<p>Divendres dia 26 de gener a les 19 h encetem el cicle de confer\u00e8ncies amb la Pilar Franc\u00e8s sobre mem\u00f2ria hist\u00f2rica.<\/p>\n","protected":false},"author":1,"featured_media":2226,"comment_status":"closed","ping_status":"closed","sticky":false,"template":"","format":"standard","meta":{"footnotes":""},"categories":[1],"tags":[],"class_list":["post-2225","post","type-post","status-publish","format-standard","has-post-thumbnail","hentry","category-general"],"_links":{"self":[{"href":"https:\/\/irla.cat\/casairla\/wp-json\/wp\/v2\/posts\/2225","targetHints":{"allow":["GET"]}}],"collection":[{"href":"https:\/\/irla.cat\/casairla\/wp-json\/wp\/v2\/posts"}],"about":[{"href":"https:\/\/irla.cat\/casairla\/wp-json\/wp\/v2\/types\/post"}],"author":[{"embeddable":true,"href":"https:\/\/irla.cat\/casairla\/wp-json\/wp\/v2\/users\/1"}],"replies":[{"embeddable":true,"href":"https:\/\/irla.cat\/casairla\/wp-json\/wp\/v2\/comments?post=2225"}],"version-history":[{"count":3,"href":"https:\/\/irla.cat\/casairla\/wp-json\/wp\/v2\/posts\/2225\/revisions"}],"predecessor-version":[{"id":2229,"href":"https:\/\/irla.cat\/casairla\/wp-json\/wp\/v2\/posts\/2225\/revisions\/2229"}],"wp:featuredmedia":[{"embeddable":true,"href":"https:\/\/irla.cat\/casairla\/wp-json\/wp\/v2\/media\/2226"}],"wp:attachment":[{"href":"https:\/\/irla.cat\/casairla\/wp-json\/wp\/v2\/media?parent=2225"}],"wp:term":[{"taxonomy":"category","embeddable":true,"href":"https:\/\/irla.cat\/casairla\/wp-json\/wp\/v2\/categories?post=2225"},{"taxonomy":"post_tag","embeddable":true,"href":"https:\/\/irla.cat\/casairla\/wp-json\/wp\/v2\/tags?post=2225"}],"curies":[{"name":"wp","href":"https:\/\/api.w.org\/{rel}","templated":true}]}}