{"id":2209,"date":"2024-01-08T09:00:00","date_gmt":"2024-01-08T08:00:00","guid":{"rendered":"https:\/\/irla.cat\/casairla\/?p=2209"},"modified":"2024-01-08T18:01:12","modified_gmt":"2024-01-08T17:01:12","slug":"presentacio-del-llibre-seis-anos-una-sentencia","status":"publish","type":"post","link":"https:\/\/irla.cat\/casairla\/2024\/01\/08\/presentacio-del-llibre-seis-anos-una-sentencia\/","title":{"rendered":"Presentaci\u00f3 del llibre &#8220;Seis a\u00f1os, una sentencia&#8221; de Marta Serrano"},"content":{"rendered":"\n<p>Dissabte 13 de gener a les 19 h presentaci\u00f3 del llibre de Marta Serrano que porta per t\u00edtol &#8220;Seis a\u00f1os, una sentencia&#8221;.<\/p>\n\n\n\n<p>Quan una dona \u00e9s assetjada, vexada i amena\u00e7ada les conseq\u00fc\u00e8ncies a la seva vida poden ser devastadores. <\/p>\n\n\n\n<p>Aquesta \u00e9s una hist\u00f2ria real basada en la lluita d\u2019una dona per aconseguir trencar les cadenes que la lliguen al seu assetjador i aconseguir la just\u00edcia i la llibertat que tothom mereix<\/p>\n\n\n<div class=\"wp-block-image\">\n<figure class=\"aligncenter size-large\"><img loading=\"lazy\" decoding=\"async\" width=\"576\" height=\"1024\" src=\"https:\/\/irla.cat\/casairla\/wp-content\/uploads\/2024\/01\/Seis-anos-una-setencia-576x1024.jpg\" alt=\"\" class=\"wp-image-2210\" srcset=\"https:\/\/irla.cat\/casairla\/wp-content\/uploads\/2024\/01\/Seis-anos-una-setencia-576x1024.jpg 576w, https:\/\/irla.cat\/casairla\/wp-content\/uploads\/2024\/01\/Seis-anos-una-setencia-169x300.jpg 169w, https:\/\/irla.cat\/casairla\/wp-content\/uploads\/2024\/01\/Seis-anos-una-setencia.jpg 750w\" sizes=\"auto, (max-width: 576px) 100vw, 576px\" \/><\/figure>\n<\/div>","protected":false},"excerpt":{"rendered":"<p>Dissabte 13 de gener a les 19 h presentaci\u00f3 del llibre de Marta Serrano que porta per t\u00edtol &#8220;Seis a\u00f1os, una sentencia&#8221;.<\/p>\n","protected":false},"author":1,"featured_media":2211,"comment_status":"closed","ping_status":"closed","sticky":false,"template":"","format":"standard","meta":{"footnotes":""},"categories":[1],"tags":[],"class_list":["post-2209","post","type-post","status-publish","format-standard","has-post-thumbnail","hentry","category-general"],"_links":{"self":[{"href":"https:\/\/irla.cat\/casairla\/wp-json\/wp\/v2\/posts\/2209","targetHints":{"allow":["GET"]}}],"collection":[{"href":"https:\/\/irla.cat\/casairla\/wp-json\/wp\/v2\/posts"}],"about":[{"href":"https:\/\/irla.cat\/casairla\/wp-json\/wp\/v2\/types\/post"}],"author":[{"embeddable":true,"href":"https:\/\/irla.cat\/casairla\/wp-json\/wp\/v2\/users\/1"}],"replies":[{"embeddable":true,"href":"https:\/\/irla.cat\/casairla\/wp-json\/wp\/v2\/comments?post=2209"}],"version-history":[{"count":3,"href":"https:\/\/irla.cat\/casairla\/wp-json\/wp\/v2\/posts\/2209\/revisions"}],"predecessor-version":[{"id":2214,"href":"https:\/\/irla.cat\/casairla\/wp-json\/wp\/v2\/posts\/2209\/revisions\/2214"}],"wp:featuredmedia":[{"embeddable":true,"href":"https:\/\/irla.cat\/casairla\/wp-json\/wp\/v2\/media\/2211"}],"wp:attachment":[{"href":"https:\/\/irla.cat\/casairla\/wp-json\/wp\/v2\/media?parent=2209"}],"wp:term":[{"taxonomy":"category","embeddable":true,"href":"https:\/\/irla.cat\/casairla\/wp-json\/wp\/v2\/categories?post=2209"},{"taxonomy":"post_tag","embeddable":true,"href":"https:\/\/irla.cat\/casairla\/wp-json\/wp\/v2\/tags?post=2209"}],"curies":[{"name":"wp","href":"https:\/\/api.w.org\/{rel}","templated":true}]}}