{"id":220,"date":"2014-02-16T01:10:18","date_gmt":"2014-02-16T00:10:18","guid":{"rendered":"http:\/\/www.irla.cat\/casairla\/?p=220"},"modified":"2017-03-15T01:12:53","modified_gmt":"2017-03-15T00:12:53","slug":"titot-ens-posarem-dacord-per-a-proclamar-la-independencia","status":"publish","type":"post","link":"https:\/\/irla.cat\/casairla\/2014\/02\/16\/titot-ens-posarem-dacord-per-a-proclamar-la-independencia\/","title":{"rendered":"Titot: &#8220;Ens posarem d&#8217;acord per a proclamar la independ\u00e8ncia&#8221;"},"content":{"rendered":"<p>Francesc Ribera, conegut com a &#8220;Titot&#8221;, va ser dissabte passat a la Casa Irla en el marc de les jornades que organitzem conjuntament amb l&#8217;Assemblea Nacional Catalana de Gu\u00edxols. <!--more-->En Titot va fer la presentaci\u00f3 del seu llibre &#8220;Hist\u00f2ria de Catalunya, al rev\u00e9s&#8221;, i en clau d&#8217;humor va reflexionar sobre com hauria estat la hist\u00f2ria de Catalunya si alguns dels fets hist\u00f2rics no s&#8217;hagueren produ\u00eft o hagueren estat diferents.<\/p>\n<p>Des de la seva vessant de regidor de les CUP a l&#8217;Ajuntament de Berga, en Francesc Ribera va donar la seva visi\u00f3 del proc\u00e9s que viu Catalunya, del pa\u00eds que entre tots hem de construir. Va afirmar amb contund\u00e8ncia que el proc\u00e9s \u00e9s imparable i que la independ\u00e8ncia l&#8217;assolirem perqu\u00e8 els catalans ja hem canviat el nostre pensament colonitzat per l&#8217;estat espanyol a un altre que vol ser lliure.<\/p>\n<p>En Titot va dir que arribar\u00e0 un moment en qu\u00e8 totes les forces pol\u00edtiques es posaran d&#8217;acord per proclamar la independ\u00e8ncia, per\u00f2 un segon m\u00e9s tard seguit comen\u00e7arem a discutir sobre el model d&#8217;aquest nou pa\u00eds. I les difer\u00e8ncies seran grans, ja que no tenen el mateix pensament la seva formaci\u00f3 d&#8217;esquerra independentista, que la dreta conservadora d&#8217;Uni\u00f3 Dem\u00f2cr\u00e0tica.<\/p>\n<p>Les CUP, per exemple, apostaran per una sanitat p\u00fablica de qualitat on l&#8217;avortament sigui lliure i Uni\u00f3 voldran limitar l&#8217;avortament o prohibir-lo fins i tot.<\/p>\n<p>Per\u00f2 aix\u00f2 \u00e9s el que fa ric i il\u00b7lusionador aquest proc\u00e9s. Tenim un gran repte al davant: construir un nou pa\u00eds millor del que hem tingut fins ara.<\/p>\n<p>&nbsp;<\/p>\n","protected":false},"excerpt":{"rendered":"<p>Francesc Ribera, conegut com a &#8220;Titot&#8221;, va ser dissabte passat a la Casa Irla en el marc de les jornades<\/p>\n","protected":false},"author":1,"featured_media":221,"comment_status":"open","ping_status":"open","sticky":false,"template":"template-centered.php","format":"standard","meta":{"footnotes":""},"categories":[1],"tags":[],"class_list":["post-220","post","type-post","status-publish","format-standard","has-post-thumbnail","hentry","category-general"],"_links":{"self":[{"href":"https:\/\/irla.cat\/casairla\/wp-json\/wp\/v2\/posts\/220","targetHints":{"allow":["GET"]}}],"collection":[{"href":"https:\/\/irla.cat\/casairla\/wp-json\/wp\/v2\/posts"}],"about":[{"href":"https:\/\/irla.cat\/casairla\/wp-json\/wp\/v2\/types\/post"}],"author":[{"embeddable":true,"href":"https:\/\/irla.cat\/casairla\/wp-json\/wp\/v2\/users\/1"}],"replies":[{"embeddable":true,"href":"https:\/\/irla.cat\/casairla\/wp-json\/wp\/v2\/comments?post=220"}],"version-history":[{"count":1,"href":"https:\/\/irla.cat\/casairla\/wp-json\/wp\/v2\/posts\/220\/revisions"}],"predecessor-version":[{"id":222,"href":"https:\/\/irla.cat\/casairla\/wp-json\/wp\/v2\/posts\/220\/revisions\/222"}],"wp:featuredmedia":[{"embeddable":true,"href":"https:\/\/irla.cat\/casairla\/wp-json\/wp\/v2\/media\/221"}],"wp:attachment":[{"href":"https:\/\/irla.cat\/casairla\/wp-json\/wp\/v2\/media?parent=220"}],"wp:term":[{"taxonomy":"category","embeddable":true,"href":"https:\/\/irla.cat\/casairla\/wp-json\/wp\/v2\/categories?post=220"},{"taxonomy":"post_tag","embeddable":true,"href":"https:\/\/irla.cat\/casairla\/wp-json\/wp\/v2\/tags?post=220"}],"curies":[{"name":"wp","href":"https:\/\/api.w.org\/{rel}","templated":true}]}}