{"id":2175,"date":"2023-11-21T08:46:31","date_gmt":"2023-11-21T07:46:31","guid":{"rendered":"https:\/\/irla.cat\/casairla\/?p=2175"},"modified":"2023-11-21T08:47:13","modified_gmt":"2023-11-21T07:47:13","slug":"mostra-de-cinema-espiritual-amb-6-nits-dagost","status":"publish","type":"post","link":"https:\/\/irla.cat\/casairla\/2023\/11\/21\/mostra-de-cinema-espiritual-amb-6-nits-dagost\/","title":{"rendered":"Mostra de Cinema Espiritual amb &#8220;6 nits d&#8217;agost&#8221;"},"content":{"rendered":"\n<p>Dissabte 25 de novembre a les 19 h projecci\u00f3 de la pel\u00b7l\u00edcula &#8220;6 nits d&#8217;agost&#8221; de Ventura Durall&#8221;. Premi Gaud\u00ed 2023 a millor pel\u00b7l\u00edcula per TV.<\/p>\n\n\n\n<p>Llu\u00eds Maria Xirinacs, religi\u00f3s, fil\u00f2sof i activista pol\u00edtic, surt de Barcelona un dilluns d\u2019agost del 2007 cam\u00ed de la muntanya. Era el dia que feia setanta-cinc anys. <\/p>\n\n\n\n<p>Sis dies m\u00e9s tard, un boletaire el troba estirat en un prat, mort. Deu anys m\u00e9s tard, Duna, una escriptora en crisi creativa i personal, cerca el sentit darrer d\u2019aquesta mort, els secrets filos\u00f2fics i existencials que l\u2019acompanyen.<\/p>\n\n\n\n<p>Premi Gaud\u00ed 2023 a millor pel\u00b7l\u00edcula per TV<\/p>\n\n\n\n<p>Durada: 1h i 35 m<\/p>\n\n\n\n<p>Entrada lliure i gratu\u00efta<\/p>\n\n\n\n<p><\/p>\n\n\n<div class=\"wp-block-image\">\n<figure class=\"aligncenter size-large\"><img loading=\"lazy\" decoding=\"async\" width=\"717\" height=\"1024\" src=\"https:\/\/irla.cat\/casairla\/wp-content\/uploads\/2023\/11\/Cartell-6-nits-dagost-717x1024.jpeg\" alt=\"\" class=\"wp-image-2177\" srcset=\"https:\/\/irla.cat\/casairla\/wp-content\/uploads\/2023\/11\/Cartell-6-nits-dagost-717x1024.jpeg 717w, https:\/\/irla.cat\/casairla\/wp-content\/uploads\/2023\/11\/Cartell-6-nits-dagost-210x300.jpeg 210w, https:\/\/irla.cat\/casairla\/wp-content\/uploads\/2023\/11\/Cartell-6-nits-dagost-768x1097.jpeg 768w, https:\/\/irla.cat\/casairla\/wp-content\/uploads\/2023\/11\/Cartell-6-nits-dagost-1075x1536.jpeg 1075w, https:\/\/irla.cat\/casairla\/wp-content\/uploads\/2023\/11\/Cartell-6-nits-dagost.jpeg 1200w\" sizes=\"auto, (max-width: 717px) 100vw, 717px\" \/><\/figure>\n<\/div>\n\n\n<p><\/p>\n","protected":false},"excerpt":{"rendered":"<p>Dissabte 25 de novembre a les 19 h projecci\u00f3 de la pel\u00b7l\u00edcula &#8220;6 nits d&#8217;agost&#8221; de Ventura Durall&#8221;. Premi Gaud\u00ed 2023 a millor pel\u00b7l\u00edcula per TV.<\/p>\n","protected":false},"author":1,"featured_media":2176,"comment_status":"closed","ping_status":"closed","sticky":false,"template":"","format":"standard","meta":{"footnotes":""},"categories":[1],"tags":[],"class_list":["post-2175","post","type-post","status-publish","format-standard","has-post-thumbnail","hentry","category-general"],"_links":{"self":[{"href":"https:\/\/irla.cat\/casairla\/wp-json\/wp\/v2\/posts\/2175","targetHints":{"allow":["GET"]}}],"collection":[{"href":"https:\/\/irla.cat\/casairla\/wp-json\/wp\/v2\/posts"}],"about":[{"href":"https:\/\/irla.cat\/casairla\/wp-json\/wp\/v2\/types\/post"}],"author":[{"embeddable":true,"href":"https:\/\/irla.cat\/casairla\/wp-json\/wp\/v2\/users\/1"}],"replies":[{"embeddable":true,"href":"https:\/\/irla.cat\/casairla\/wp-json\/wp\/v2\/comments?post=2175"}],"version-history":[{"count":4,"href":"https:\/\/irla.cat\/casairla\/wp-json\/wp\/v2\/posts\/2175\/revisions"}],"predecessor-version":[{"id":2181,"href":"https:\/\/irla.cat\/casairla\/wp-json\/wp\/v2\/posts\/2175\/revisions\/2181"}],"wp:featuredmedia":[{"embeddable":true,"href":"https:\/\/irla.cat\/casairla\/wp-json\/wp\/v2\/media\/2176"}],"wp:attachment":[{"href":"https:\/\/irla.cat\/casairla\/wp-json\/wp\/v2\/media?parent=2175"}],"wp:term":[{"taxonomy":"category","embeddable":true,"href":"https:\/\/irla.cat\/casairla\/wp-json\/wp\/v2\/categories?post=2175"},{"taxonomy":"post_tag","embeddable":true,"href":"https:\/\/irla.cat\/casairla\/wp-json\/wp\/v2\/tags?post=2175"}],"curies":[{"name":"wp","href":"https:\/\/api.w.org\/{rel}","templated":true}]}}