{"id":216,"date":"2014-02-11T01:07:49","date_gmt":"2014-02-11T00:07:49","guid":{"rendered":"http:\/\/www.irla.cat\/casairla\/?p=216"},"modified":"2017-03-15T01:10:07","modified_gmt":"2017-03-15T00:10:07","slug":"historia-de-catalunya-al-reves","status":"publish","type":"post","link":"https:\/\/irla.cat\/casairla\/2014\/02\/11\/historia-de-catalunya-al-reves\/","title":{"rendered":"Hist\u00f2ria de Catalunya, al rev\u00e9s"},"content":{"rendered":"<p>Aquest proper dissabte 15 de febrer a les 19h. a la Casa Irla tindrem la pres\u00e8ncia de Francesc Ribera &#8220;Titot&#8221; que ens presentar\u00e0 el llibre &#8220;Hist\u00f2ria de Catalunya al rev\u00e9s&#8221;.<!--more--> La confer\u00e8ncia s&#8217;emmarca dins del cicle &#8220;El pa\u00eds que volem&#8221; que l&#8217;Assemblea Nacional Catalana i la Casa Irla organitzem conjuntament.<\/p>\n<p>Aquest llibre ens d\u00f3na una innovadora interpretaci\u00f3 del 1714 que combina ironia i par\u00f2dia. Jordi Creus i Francesc Ribera ens alliberen del jou de la mentida i situen els fets reals dels catalans en l\u2019encadenat l\u00f2gic i de la hist\u00f2ria.<\/p>\n<p>Una hist\u00f2ria que parteix de la gloriosa vict\u00f2ria valenciana a la Batalla d\u2019Almansa que va evitar l\u2019ocupaci\u00f3 borb\u00f2nica dels Pa\u00efsos Catalans.<\/p>\n<p><img loading=\"lazy\" decoding=\"async\" class=\"aligncenter size-full wp-image-218\" src=\"http:\/\/www.irla.cat\/casairla\/wp-content\/uploads\/2017\/03\/Cartell-Historia-Catalunya-Al-Reves.jpg\" alt=\"\" width=\"400\" height=\"577\" srcset=\"https:\/\/irla.cat\/casairla\/wp-content\/uploads\/2017\/03\/Cartell-Historia-Catalunya-Al-Reves.jpg 400w, https:\/\/irla.cat\/casairla\/wp-content\/uploads\/2017\/03\/Cartell-Historia-Catalunya-Al-Reves-208x300.jpg 208w\" sizes=\"auto, (max-width: 400px) 100vw, 400px\" \/><\/p>\n","protected":false},"excerpt":{"rendered":"<p>Aquest proper dissabte 15 de febrer a les 19h. a la Casa Irla tindrem la pres\u00e8ncia de Francesc Ribera &#8220;Titot&#8221;<\/p>\n","protected":false},"author":1,"featured_media":217,"comment_status":"open","ping_status":"open","sticky":false,"template":"template-centered.php","format":"standard","meta":{"footnotes":""},"categories":[1],"tags":[],"class_list":["post-216","post","type-post","status-publish","format-standard","has-post-thumbnail","hentry","category-general"],"_links":{"self":[{"href":"https:\/\/irla.cat\/casairla\/wp-json\/wp\/v2\/posts\/216","targetHints":{"allow":["GET"]}}],"collection":[{"href":"https:\/\/irla.cat\/casairla\/wp-json\/wp\/v2\/posts"}],"about":[{"href":"https:\/\/irla.cat\/casairla\/wp-json\/wp\/v2\/types\/post"}],"author":[{"embeddable":true,"href":"https:\/\/irla.cat\/casairla\/wp-json\/wp\/v2\/users\/1"}],"replies":[{"embeddable":true,"href":"https:\/\/irla.cat\/casairla\/wp-json\/wp\/v2\/comments?post=216"}],"version-history":[{"count":1,"href":"https:\/\/irla.cat\/casairla\/wp-json\/wp\/v2\/posts\/216\/revisions"}],"predecessor-version":[{"id":219,"href":"https:\/\/irla.cat\/casairla\/wp-json\/wp\/v2\/posts\/216\/revisions\/219"}],"wp:featuredmedia":[{"embeddable":true,"href":"https:\/\/irla.cat\/casairla\/wp-json\/wp\/v2\/media\/217"}],"wp:attachment":[{"href":"https:\/\/irla.cat\/casairla\/wp-json\/wp\/v2\/media?parent=216"}],"wp:term":[{"taxonomy":"category","embeddable":true,"href":"https:\/\/irla.cat\/casairla\/wp-json\/wp\/v2\/categories?post=216"},{"taxonomy":"post_tag","embeddable":true,"href":"https:\/\/irla.cat\/casairla\/wp-json\/wp\/v2\/tags?post=216"}],"curies":[{"name":"wp","href":"https:\/\/api.w.org\/{rel}","templated":true}]}}