{"id":2159,"date":"2023-10-31T08:54:54","date_gmt":"2023-10-31T07:54:54","guid":{"rendered":"https:\/\/irla.cat\/casairla\/?p=2159"},"modified":"2023-10-31T08:54:55","modified_gmt":"2023-10-31T07:54:55","slug":"presentacio-del-llibre-retorn-als-origens-de-sonia-casas","status":"publish","type":"post","link":"https:\/\/irla.cat\/casairla\/2023\/10\/31\/presentacio-del-llibre-retorn-als-origens-de-sonia-casas\/","title":{"rendered":"Presentaci\u00f3 del llibre &#8220;Retorn als or\u00edgens&#8221; de S\u00f2nia Casas"},"content":{"rendered":"\n<p>Dissabte 4 de novembre a les 19 h presentem el llibre &#8220;Retorn als or\u00edgens&#8221; de S\u00f2nia Casas Premi N\u00e8stor Luj\u00e1n de novel\u00b7la hist\u00f2rica 2023.<\/p>\n\n\n\n<p>Una novel\u00b7la trepidant sobre els quaderns perduts d\u2019Antoni Gaud\u00ed. Antoni Gaud\u00ed i Eduard Toda s\u00f3n dos amics adolescents aficionats a visitar indrets hist\u00f2rics abandonats.<\/p>\n\n\n\n<p>Durant una d\u2019aquestes aventures descobreixen un misteri\u00f3s gravat prehist\u00f2ric a les muntanyes properes al castell d\u2019Escornalbou, una troballa que marcar\u00e0 per sempre m\u00e9s les seves vides.<\/p>\n\n\n\n<p>Cent cinquanta anys despr\u00e9s, un matrimoni en crisi format per la Laia, una arque\u00f2loga que se sent poc valorada, i l\u2019Arnau, un ge\u00f2leg atrapat pels interessos pol\u00edtics i econ\u00f2mics d\u2019un projecte espin\u00f3s que amena\u00e7a l\u2019entorn natural d\u2019Escornalbou, inicien una investigaci\u00f3 contra rellotge que els dur\u00e0 a descobrir que no tan sols el gravat \u00e9s un ins\u00f2lit santuari astron\u00f2mic neol\u00edtic sin\u00f3 tamb\u00e9 que tant Toda com Gaud\u00ed el coneixien. <\/p>\n\n\n\n<p>Inspirada en una recerca real, la novel\u00b7la ens submergeix en les apassionants biografies d\u2019Eduard Toda, primer egipt\u00f2leg de l\u2019Estat, i de l\u2019arquitecte Antoni Gaud\u00ed, i ens mostra, en un relat trepidant, les connexions fascinants de la Pedrera, la Casa Batll\u00f3 i el Park G\u00fcell amb un paratge molt concret del Baix Camp identificat com el possible lloc d\u2019inspiraci\u00f3 del genial arquitecte.<\/p>\n\n\n<div class=\"wp-block-image\">\n<figure class=\"aligncenter size-large is-resized\"><a href=\"https:\/\/www.grup62.cat\/llibre-retorn-als-origens\/376375\" target=\"_blank\" rel=\"noreferrer noopener\"><img loading=\"lazy\" decoding=\"async\" width=\"672\" height=\"1024\" src=\"https:\/\/irla.cat\/casairla\/wp-content\/uploads\/2023\/10\/Retorn-als-origen-1-672x1024.jpg\" alt=\"\" class=\"wp-image-2161\" style=\"aspect-ratio:0.6567124024751143;width:820px;height:auto\" srcset=\"https:\/\/irla.cat\/casairla\/wp-content\/uploads\/2023\/10\/Retorn-als-origen-1-672x1024.jpg 672w, https:\/\/irla.cat\/casairla\/wp-content\/uploads\/2023\/10\/Retorn-als-origen-1-197x300.jpg 197w, https:\/\/irla.cat\/casairla\/wp-content\/uploads\/2023\/10\/Retorn-als-origen-1-768x1169.jpg 768w, https:\/\/irla.cat\/casairla\/wp-content\/uploads\/2023\/10\/Retorn-als-origen-1-1009x1536.jpg 1009w, https:\/\/irla.cat\/casairla\/wp-content\/uploads\/2023\/10\/Retorn-als-origen-1-1345x2048.jpg 1345w, https:\/\/irla.cat\/casairla\/wp-content\/uploads\/2023\/10\/Retorn-als-origen-1-scaled.jpg 1681w\" sizes=\"auto, (max-width: 672px) 100vw, 672px\" \/><\/a><\/figure>\n<\/div>","protected":false},"excerpt":{"rendered":"<p>Dissabte 4 de novembre a les 19 h presentem el llibre &#8220;Retorn als or\u00edgens&#8221; de S\u00f2nia Casas Premi N\u00e8stor Luj\u00e1n de novel\u00b7la hist\u00f2rica 2023.<\/p>\n","protected":false},"author":1,"featured_media":2162,"comment_status":"closed","ping_status":"closed","sticky":false,"template":"","format":"standard","meta":{"footnotes":""},"categories":[1],"tags":[],"class_list":["post-2159","post","type-post","status-publish","format-standard","has-post-thumbnail","hentry","category-general"],"_links":{"self":[{"href":"https:\/\/irla.cat\/casairla\/wp-json\/wp\/v2\/posts\/2159","targetHints":{"allow":["GET"]}}],"collection":[{"href":"https:\/\/irla.cat\/casairla\/wp-json\/wp\/v2\/posts"}],"about":[{"href":"https:\/\/irla.cat\/casairla\/wp-json\/wp\/v2\/types\/post"}],"author":[{"embeddable":true,"href":"https:\/\/irla.cat\/casairla\/wp-json\/wp\/v2\/users\/1"}],"replies":[{"embeddable":true,"href":"https:\/\/irla.cat\/casairla\/wp-json\/wp\/v2\/comments?post=2159"}],"version-history":[{"count":1,"href":"https:\/\/irla.cat\/casairla\/wp-json\/wp\/v2\/posts\/2159\/revisions"}],"predecessor-version":[{"id":2163,"href":"https:\/\/irla.cat\/casairla\/wp-json\/wp\/v2\/posts\/2159\/revisions\/2163"}],"wp:featuredmedia":[{"embeddable":true,"href":"https:\/\/irla.cat\/casairla\/wp-json\/wp\/v2\/media\/2162"}],"wp:attachment":[{"href":"https:\/\/irla.cat\/casairla\/wp-json\/wp\/v2\/media?parent=2159"}],"wp:term":[{"taxonomy":"category","embeddable":true,"href":"https:\/\/irla.cat\/casairla\/wp-json\/wp\/v2\/categories?post=2159"},{"taxonomy":"post_tag","embeddable":true,"href":"https:\/\/irla.cat\/casairla\/wp-json\/wp\/v2\/tags?post=2159"}],"curies":[{"name":"wp","href":"https:\/\/api.w.org\/{rel}","templated":true}]}}