{"id":2154,"date":"2023-10-23T10:11:13","date_gmt":"2023-10-23T08:11:13","guid":{"rendered":"https:\/\/irla.cat\/casairla\/?p=2154"},"modified":"2023-10-24T10:17:50","modified_gmt":"2023-10-24T08:17:50","slug":"presentacio-del-llibre-sense-castig-deu-crims-impunes-de-tura-soler-i-jordi-grau","status":"publish","type":"post","link":"https:\/\/irla.cat\/casairla\/2023\/10\/23\/presentacio-del-llibre-sense-castig-deu-crims-impunes-de-tura-soler-i-jordi-grau\/","title":{"rendered":"Presentaci\u00f3 del llibre &#8220;Sense c\u00e0stig: deu crims impunes&#8221; de Tura Soler i Jordi Grau"},"content":{"rendered":"\n<p>Dissabte 28 d&#8217;octubre a les 19 h presentaci\u00f3 del llibre de Tura Soler i Jordi Grau &#8220;Sense c\u00e0stig: deu crims impunes&#8221;.<\/p>\n\n\n\n<p>Deu casos de morts impunes, sense c\u00e0stig, relatats per uns autors, uns ca\u00e7adors de not\u00edcies, que trepitgen l\u2019escena del crim i s\u2019infiltren en la seva trama.<\/p>\n\n\n\n<p>Els periodistes Tura Soler i Jordi Grau n\u2019han vist de tots colors. Malgrat el pas dels anys, hi ha investigacions que encara els fan ballar el cap perqu\u00e8 es tracta de crims que continuen sense resoldre, ja que o b\u00e9 no s\u2019ha aconseguit trobar l\u2019autor dels fets o b\u00e9 no s\u2019ha pogut incriminar el sospit\u00f3s amb proves prou concloents.<\/p>\n\n\n\n<p>De qui s\u00f3n les empremtes que van apar\u00e8ixer a l\u2019escena del crim d\u2019un empresari giron\u00ed que van trobar mort al seu apartament? Semblava un assassinat f\u00e0cil de resoldre, per\u00f2 mai se n\u2019ha trobat el culpable. Tampoc no s\u2019ha descobert l\u2019autor del crim d\u2019un home que va ser executat mentre feia un \u00e0pat de negocis en un restaurant, a qui un sicari va disparar quatre trets.<\/p>\n\n\n\n<p>Qui en va ordenar l\u2019execuci\u00f3? Qui sabia que se celebraria aquell dinar?<\/p>\n\n\n\n<p>Els autors d\u2019aquest llibre han estat en les diverses escenes del crim i ens expliquen els misteris, les veritats i les inc\u00f2gnites d\u2019uns assassinats que sempre recordaran perqu\u00e8 han quedat impunes <\/p>\n\n\n<div class=\"wp-block-image\">\n<figure class=\"aligncenter size-large\"><a href=\"https:\/\/www.penguinllibres.com\/biografies\/313846-libro-sense-castig-9788418226779\" target=\"_blank\" rel=\"noreferrer noopener\"><img loading=\"lazy\" decoding=\"async\" width=\"674\" height=\"1024\" src=\"https:\/\/irla.cat\/casairla\/wp-content\/uploads\/2023\/10\/Sense-Castig-674x1024.jpg\" alt=\"\" class=\"wp-image-2156\" srcset=\"https:\/\/irla.cat\/casairla\/wp-content\/uploads\/2023\/10\/Sense-Castig-674x1024.jpg 674w, https:\/\/irla.cat\/casairla\/wp-content\/uploads\/2023\/10\/Sense-Castig-198x300.jpg 198w, https:\/\/irla.cat\/casairla\/wp-content\/uploads\/2023\/10\/Sense-Castig-768x1166.jpg 768w, https:\/\/irla.cat\/casairla\/wp-content\/uploads\/2023\/10\/Sense-Castig-1012x1536.jpg 1012w, https:\/\/irla.cat\/casairla\/wp-content\/uploads\/2023\/10\/Sense-Castig-1349x2048.jpg 1349w, https:\/\/irla.cat\/casairla\/wp-content\/uploads\/2023\/10\/Sense-Castig-scaled.jpg 1686w\" sizes=\"auto, (max-width: 674px) 100vw, 674px\" \/><\/a><\/figure>\n<\/div>","protected":false},"excerpt":{"rendered":"<p>Dissabte 28 d&#8217;octubre a les 19 h presentaci\u00f3 del llibre de Tura Soler i Jordi Grau &#8220;Sense c\u00e0stig: deu crims impunes&#8221;.<\/p>\n","protected":false},"author":1,"featured_media":2155,"comment_status":"closed","ping_status":"closed","sticky":false,"template":"","format":"standard","meta":{"footnotes":""},"categories":[1],"tags":[],"class_list":["post-2154","post","type-post","status-publish","format-standard","has-post-thumbnail","hentry","category-general"],"_links":{"self":[{"href":"https:\/\/irla.cat\/casairla\/wp-json\/wp\/v2\/posts\/2154","targetHints":{"allow":["GET"]}}],"collection":[{"href":"https:\/\/irla.cat\/casairla\/wp-json\/wp\/v2\/posts"}],"about":[{"href":"https:\/\/irla.cat\/casairla\/wp-json\/wp\/v2\/types\/post"}],"author":[{"embeddable":true,"href":"https:\/\/irla.cat\/casairla\/wp-json\/wp\/v2\/users\/1"}],"replies":[{"embeddable":true,"href":"https:\/\/irla.cat\/casairla\/wp-json\/wp\/v2\/comments?post=2154"}],"version-history":[{"count":1,"href":"https:\/\/irla.cat\/casairla\/wp-json\/wp\/v2\/posts\/2154\/revisions"}],"predecessor-version":[{"id":2157,"href":"https:\/\/irla.cat\/casairla\/wp-json\/wp\/v2\/posts\/2154\/revisions\/2157"}],"wp:featuredmedia":[{"embeddable":true,"href":"https:\/\/irla.cat\/casairla\/wp-json\/wp\/v2\/media\/2155"}],"wp:attachment":[{"href":"https:\/\/irla.cat\/casairla\/wp-json\/wp\/v2\/media?parent=2154"}],"wp:term":[{"taxonomy":"category","embeddable":true,"href":"https:\/\/irla.cat\/casairla\/wp-json\/wp\/v2\/categories?post=2154"},{"taxonomy":"post_tag","embeddable":true,"href":"https:\/\/irla.cat\/casairla\/wp-json\/wp\/v2\/tags?post=2154"}],"curies":[{"name":"wp","href":"https:\/\/api.w.org\/{rel}","templated":true}]}}