{"id":2149,"date":"2023-10-16T18:57:42","date_gmt":"2023-10-16T16:57:42","guid":{"rendered":"https:\/\/irla.cat\/casairla\/?p=2149"},"modified":"2023-10-16T18:58:24","modified_gmt":"2023-10-16T16:58:24","slug":"dissabte-21-doctubre-projeccio-de-passeig-per-andalusia-2022-i-provenca-i-costa-blava-2018","status":"publish","type":"post","link":"https:\/\/irla.cat\/casairla\/2023\/10\/16\/dissabte-21-doctubre-projeccio-de-passeig-per-andalusia-2022-i-provenca-i-costa-blava-2018\/","title":{"rendered":"Dissabte 21 d&#8217;octubre projecci\u00f3 de &#8220;Passeig per Andalusia 2022 i Proven\u00e7a i Costa Blava 2018&#8221;"},"content":{"rendered":"\n<p>Dissabte 21 d&#8217;octubre a les 19 h projecci\u00f3 del reportatge de Ferran Massanas &#8220;Passeig per Andalusia (Ja\u00e9n i M\u00e1laga) 2022 i Proven\u00e7a i Costa Blava 2018&#8221;.<\/p>\n\n\n\n<p><strong>Passeig per Andalusia (Ja\u00e9n-M\u00e0laga) 2022 33 Minuts<br><\/strong>De viatge pel sud d\u2019Espanya Ja\u00e9n i M\u00e0laga. Des de l\u2019interior fins a la costa, visitant ciutats i pobles amb encant especial.<\/p>\n\n\n\n<p><strong>Proven\u00e7a i Costa Blava 2018 30 Minuts<br><\/strong>La Proven\u00e7a, una regi\u00f3 del sud-est de Fran\u00e7a, famosa pels seus paisatges, pobles i camps de lavanda. Al sud es troba la Costa Blava, passejarem per Cannes i Montecarlo.<\/p>\n\n\n\n<p><\/p>\n","protected":false},"excerpt":{"rendered":"<p>Dissabte 21 d&#8217;octubre a les 19 h projecci\u00f3 del reportatge de Ferran Massanas &#8220;Passeig per Andalusia, Proven\u00e7a i Costa Brava&#8221;.<\/p>\n","protected":false},"author":1,"featured_media":2150,"comment_status":"closed","ping_status":"closed","sticky":false,"template":"","format":"standard","meta":{"footnotes":""},"categories":[1],"tags":[],"class_list":["post-2149","post","type-post","status-publish","format-standard","has-post-thumbnail","hentry","category-general"],"_links":{"self":[{"href":"https:\/\/irla.cat\/casairla\/wp-json\/wp\/v2\/posts\/2149","targetHints":{"allow":["GET"]}}],"collection":[{"href":"https:\/\/irla.cat\/casairla\/wp-json\/wp\/v2\/posts"}],"about":[{"href":"https:\/\/irla.cat\/casairla\/wp-json\/wp\/v2\/types\/post"}],"author":[{"embeddable":true,"href":"https:\/\/irla.cat\/casairla\/wp-json\/wp\/v2\/users\/1"}],"replies":[{"embeddable":true,"href":"https:\/\/irla.cat\/casairla\/wp-json\/wp\/v2\/comments?post=2149"}],"version-history":[{"count":2,"href":"https:\/\/irla.cat\/casairla\/wp-json\/wp\/v2\/posts\/2149\/revisions"}],"predecessor-version":[{"id":2152,"href":"https:\/\/irla.cat\/casairla\/wp-json\/wp\/v2\/posts\/2149\/revisions\/2152"}],"wp:featuredmedia":[{"embeddable":true,"href":"https:\/\/irla.cat\/casairla\/wp-json\/wp\/v2\/media\/2150"}],"wp:attachment":[{"href":"https:\/\/irla.cat\/casairla\/wp-json\/wp\/v2\/media?parent=2149"}],"wp:term":[{"taxonomy":"category","embeddable":true,"href":"https:\/\/irla.cat\/casairla\/wp-json\/wp\/v2\/categories?post=2149"},{"taxonomy":"post_tag","embeddable":true,"href":"https:\/\/irla.cat\/casairla\/wp-json\/wp\/v2\/tags?post=2149"}],"curies":[{"name":"wp","href":"https:\/\/api.w.org\/{rel}","templated":true}]}}