{"id":2145,"date":"2023-10-16T18:53:25","date_gmt":"2023-10-16T16:53:25","guid":{"rendered":"https:\/\/irla.cat\/casairla\/?p=2145"},"modified":"2023-10-16T18:53:26","modified_gmt":"2023-10-16T16:53:26","slug":"divendres-20-doctubre-trencadis-dinvencions-de-maria-wallace","status":"publish","type":"post","link":"https:\/\/irla.cat\/casairla\/2023\/10\/16\/divendres-20-doctubre-trencadis-dinvencions-de-maria-wallace\/","title":{"rendered":"Divendres 20 d&#8217;octubre &#8220;Trencad\u00eds d&#8217;invencions&#8221; de Maria Wallace"},"content":{"rendered":"\n<p>Divendres 20 d&#8217;octubre a les 19 h a la Casa Irla presentaci\u00f3 del llibre &#8220;Trencad\u00eds d&#8217;invencions&#8221; de Maria Wallace.<\/p>\n\n\n\n<p>La Maria Teresa Mir i Ros, Tresa per a les amistats, \u00e9s la poeta catalanoirlandesa Maria Wallace, de nom de ploma, el seu nom de casada. Guixolenca nascuda a la Torre Bosca, a Fenals d\u2019Aro, la Vall d\u2019Aro, ja fa uns quants anys, fa de mal dir.<\/p>\n\n\n\n<p>Durant la dura postguerra, emigra a Xile. I m\u00e9s tard, en tornar la fam\u00edlia, s\u2019instal\u00b7la a Sant Feliu de Gu\u00edxols. Per\u00f2 la major part de la seva vida s\u2019ha desenvolupat a Irlanda, on viu des de fa 50 anys. La seva poesia flueix en angl\u00e8s. Ha publicat dos poemaris biling\u00fces, The second shadow\/La segona ombra i El blau de la dist\u00e0ncia\/The blue of distance, en la versi\u00f3 original i en la tradu\u00efda per ella mateixa.<\/p>\n\n\n\n<p>Aix\u00f2 fa que tinguem la immensa fortuna de llegir-la tamb\u00e9 en catal\u00e0. Els darrers poemaris Omplint de veu el buit i el que presentem avui, Trencad\u00eds d\u2019invencions, tots dos publicats per l\u2019Editorial Libros de Aldar\u00e1n, ja s\u00f3n \u00fanicament en catal\u00e0. Maria Wallace i Maria Teresa Mir i Ros embolcallen dues facetes d\u2019una mateixa persona dividida entre les seves lleialtats compartides per Catalunya i Irlanda.<\/p>\n\n\n\n<p>Se sent un xic estrangera per tot, com qualsevol persona que ha viscut en un altre pa\u00eds durant un temps: \u201cEstirada per tots dos costats.\u201d I per aix\u00f2 viu en la seva escriptura: \u201c\u00c9s all\u00e0 on visc i soc jo. F\u00edsicament on sigui \u00e9s igual, no t\u00e9 cap import\u00e0ncia, no soc ni d\u2019aqu\u00ed ni d\u2019all\u00e0, visc en aquest altre m\u00f3n que jo m\u2019he creat, el m\u00f3n art\u00edstic, literari, que \u00e9s on em sento millor.<\/p>\n\n\n\n<p>Potser \u00e9s un m\u00f3n fictici, per\u00f2 per mi \u00e9s real.\u201d Per ella, escriure \u00e9s un desafiament, un repte sense el qual la vida no seria res. Per\u00f2 tamb\u00e9 \u00e9s un exercici d\u2019enyoran\u00e7a, de creaci\u00f3, una manera d\u2019arrelar-se per donar sentit al seu sentit de divisi\u00f3. Divisi\u00f3 que crea fricci\u00f3, i en aquesta fricci\u00f3 \u00e9s on neixen les espurnes creatives.<\/p>\n\n\n<div class=\"wp-block-image\">\n<figure class=\"aligncenter size-large\"><img loading=\"lazy\" decoding=\"async\" width=\"724\" height=\"1024\" src=\"https:\/\/irla.cat\/casairla\/wp-content\/uploads\/2023\/10\/MARIA-WALLACE-PORTADA-724x1024.jpg\" alt=\"\" class=\"wp-image-2147\" srcset=\"https:\/\/irla.cat\/casairla\/wp-content\/uploads\/2023\/10\/MARIA-WALLACE-PORTADA-724x1024.jpg 724w, https:\/\/irla.cat\/casairla\/wp-content\/uploads\/2023\/10\/MARIA-WALLACE-PORTADA-212x300.jpg 212w, https:\/\/irla.cat\/casairla\/wp-content\/uploads\/2023\/10\/MARIA-WALLACE-PORTADA-768x1086.jpg 768w, https:\/\/irla.cat\/casairla\/wp-content\/uploads\/2023\/10\/MARIA-WALLACE-PORTADA-1086x1536.jpg 1086w, https:\/\/irla.cat\/casairla\/wp-content\/uploads\/2023\/10\/MARIA-WALLACE-PORTADA-1448x2048.jpg 1448w, https:\/\/irla.cat\/casairla\/wp-content\/uploads\/2023\/10\/MARIA-WALLACE-PORTADA.jpg 1770w\" sizes=\"auto, (max-width: 724px) 100vw, 724px\" \/><\/figure>\n<\/div>","protected":false},"excerpt":{"rendered":"<p>Divendres 20 d&#8217;octubre a les 19 h a la Casa Irla presentaci\u00f3 del llibre &#8220;Trencad\u00eds d&#8217;invencions&#8221; de Maria Wallace.<\/p>\n","protected":false},"author":1,"featured_media":2146,"comment_status":"closed","ping_status":"closed","sticky":false,"template":"","format":"standard","meta":{"footnotes":""},"categories":[1],"tags":[],"class_list":["post-2145","post","type-post","status-publish","format-standard","has-post-thumbnail","hentry","category-general"],"_links":{"self":[{"href":"https:\/\/irla.cat\/casairla\/wp-json\/wp\/v2\/posts\/2145","targetHints":{"allow":["GET"]}}],"collection":[{"href":"https:\/\/irla.cat\/casairla\/wp-json\/wp\/v2\/posts"}],"about":[{"href":"https:\/\/irla.cat\/casairla\/wp-json\/wp\/v2\/types\/post"}],"author":[{"embeddable":true,"href":"https:\/\/irla.cat\/casairla\/wp-json\/wp\/v2\/users\/1"}],"replies":[{"embeddable":true,"href":"https:\/\/irla.cat\/casairla\/wp-json\/wp\/v2\/comments?post=2145"}],"version-history":[{"count":1,"href":"https:\/\/irla.cat\/casairla\/wp-json\/wp\/v2\/posts\/2145\/revisions"}],"predecessor-version":[{"id":2148,"href":"https:\/\/irla.cat\/casairla\/wp-json\/wp\/v2\/posts\/2145\/revisions\/2148"}],"wp:featuredmedia":[{"embeddable":true,"href":"https:\/\/irla.cat\/casairla\/wp-json\/wp\/v2\/media\/2146"}],"wp:attachment":[{"href":"https:\/\/irla.cat\/casairla\/wp-json\/wp\/v2\/media?parent=2145"}],"wp:term":[{"taxonomy":"category","embeddable":true,"href":"https:\/\/irla.cat\/casairla\/wp-json\/wp\/v2\/categories?post=2145"},{"taxonomy":"post_tag","embeddable":true,"href":"https:\/\/irla.cat\/casairla\/wp-json\/wp\/v2\/tags?post=2145"}],"curies":[{"name":"wp","href":"https:\/\/api.w.org\/{rel}","templated":true}]}}