{"id":213,"date":"2014-02-10T01:03:56","date_gmt":"2014-02-10T00:03:56","guid":{"rendered":"http:\/\/www.irla.cat\/casairla\/?p=213"},"modified":"2017-03-15T01:07:28","modified_gmt":"2017-03-15T00:07:28","slug":"centenari-de-ladguixols","status":"publish","type":"post","link":"https:\/\/irla.cat\/casairla\/2014\/02\/10\/centenari-de-ladguixols\/","title":{"rendered":"Centenari de l&#8217;ADGu\u00edxols"},"content":{"rendered":"<p>Aquest proper divendres 14 de febrer a la Casa Irla s&#8217;inicia un cicle de confer\u00e8ncies a l&#8217;entorn de la commemoraci\u00f3 del centenari de Ateneu Deportiu Gu\u00edxols.<!--more--><\/p>\n<div>\n<div>En aquest primer acte de presentaci\u00f3 del centenari hi participaran:<\/div>\n<div>\n<ul>\n<li>Sr.Joan Alfons Alb\u00f3, Alcalde de Sant Feliu de Gu\u00edxols<\/li>\n<li>Sr. Antoni Guin\u00f3 i Bou, Delegat d&#8217;esports de la Diputaci\u00f3 de Girona<\/li>\n<li>Sr. Jordi Bonet Arimany, Delegat de la Federaci\u00f3 catalana de futbol<\/li>\n<li>Sr. Enric Bagu\u00e9 i Vil\u00e0, Alcalde de Cass\u00e0 de la Selva<\/li>\n<li>Sra. Magda Lupia\u00f1ez, regidora d&#8217;esports de Sant Feliu de Gu\u00edxols<\/li>\n<li>Sr. Carles Jofr\u00e9, President de la UD Cass\u00e0 de la Selva<\/li>\n<li>Presentaci\u00f3: Josep And\u00fajar<\/li>\n<\/ul>\n<div>En finalitzar l&#8217;acte s&#8217;oferir\u00e0 un refrigeri a tots els assistents.<\/div>\n<div><\/div>\n<\/div>\n<\/div>\n","protected":false},"excerpt":{"rendered":"<p>Aquest proper divendres 14 de febrer a la Casa Irla s&#8217;inicia un cicle de confer\u00e8ncies a l&#8217;entorn de la commemoraci\u00f3<\/p>\n","protected":false},"author":1,"featured_media":214,"comment_status":"open","ping_status":"open","sticky":false,"template":"template-centered.php","format":"standard","meta":{"footnotes":""},"categories":[1],"tags":[],"class_list":["post-213","post","type-post","status-publish","format-standard","has-post-thumbnail","hentry","category-general"],"_links":{"self":[{"href":"https:\/\/irla.cat\/casairla\/wp-json\/wp\/v2\/posts\/213","targetHints":{"allow":["GET"]}}],"collection":[{"href":"https:\/\/irla.cat\/casairla\/wp-json\/wp\/v2\/posts"}],"about":[{"href":"https:\/\/irla.cat\/casairla\/wp-json\/wp\/v2\/types\/post"}],"author":[{"embeddable":true,"href":"https:\/\/irla.cat\/casairla\/wp-json\/wp\/v2\/users\/1"}],"replies":[{"embeddable":true,"href":"https:\/\/irla.cat\/casairla\/wp-json\/wp\/v2\/comments?post=213"}],"version-history":[{"count":1,"href":"https:\/\/irla.cat\/casairla\/wp-json\/wp\/v2\/posts\/213\/revisions"}],"predecessor-version":[{"id":215,"href":"https:\/\/irla.cat\/casairla\/wp-json\/wp\/v2\/posts\/213\/revisions\/215"}],"wp:featuredmedia":[{"embeddable":true,"href":"https:\/\/irla.cat\/casairla\/wp-json\/wp\/v2\/media\/214"}],"wp:attachment":[{"href":"https:\/\/irla.cat\/casairla\/wp-json\/wp\/v2\/media?parent=213"}],"wp:term":[{"taxonomy":"category","embeddable":true,"href":"https:\/\/irla.cat\/casairla\/wp-json\/wp\/v2\/categories?post=213"},{"taxonomy":"post_tag","embeddable":true,"href":"https:\/\/irla.cat\/casairla\/wp-json\/wp\/v2\/tags?post=213"}],"curies":[{"name":"wp","href":"https:\/\/api.w.org\/{rel}","templated":true}]}}