{"id":2118,"date":"2023-09-27T08:26:27","date_gmt":"2023-09-27T06:26:27","guid":{"rendered":"https:\/\/irla.cat\/casairla\/?p=2118"},"modified":"2023-09-27T08:28:16","modified_gmt":"2023-09-27T06:28:16","slug":"dissabte-30-de-setembre-a-les-19-h-inaugurem-lexposicio-posidonia-de-careles-bros","status":"publish","type":"post","link":"https:\/\/irla.cat\/casairla\/2023\/09\/27\/dissabte-30-de-setembre-a-les-19-h-inaugurem-lexposicio-posidonia-de-careles-bros\/","title":{"rendered":"Dissabte\u00a030 de setembre a les 19 h\u00a0inauguraci\u00f3 de l&#8217;exposici\u00f3 &#8220;Posid\u00f2nia&#8221;\u00a0de Carles Bros"},"content":{"rendered":"\n<p>L&#8217;exposici\u00f3 &#8220;Posid\u00f2nia&#8221;\u00a0de Carles Bros es podr\u00e0 veure fins el 10 de desembre a la sala d&#8217;exposicions de la Casa Irla<\/p>\n\n\n\n<p>La posid\u00f2nia \u00e9s una esp\u00e8cie end\u00e8mica de la Mediterr\u00e0nia i una de les m\u00e9s importants. Les seves praderies constitueixen un veritable bosc verd sota l\u2019aigua i la seva pres\u00e8ncia \u00e9s s\u00edmptoma de bona salut del nostre ecosistema litoral.<\/p>\n\n\n\n<p>Malauradament, tamb\u00e9 \u00e9s una de les plantes m\u00e9s amena\u00e7ades de la nostra mar. El canvi clim\u00e0tic i la m\u00e0 humana l\u2019estan posant en perill. Ara, Carles Bros, artista que ha fet de la mar i de la defensa de la pesca tradicional el seu h\u00e0bitat creatiu, dona nova vida a la posid\u00f2nia.<\/p>\n\n\n\n<p>La transforma en pigment, collage i coure. Li dona plasticitat i moviment. I la converteix en escultura, pintura i objecte art\u00edstic. \u201cPosid\u00f2nia\u201d \u00e9s una exposici\u00f3 que ens apropa, art\u00edsticament, a aquesta planta i vol visualitzar la fragilitat de la Mediterr\u00e0nia i l\u2019amena\u00e7a constant que pateix.<\/p>\n\n\n\n<p>Vernissatge el dissabte 30 de setembre a les 19 h<\/p>\n\n\n\n<p><\/p>\n","protected":false},"excerpt":{"rendered":"<p>L&#8217;exposici\u00f3 &#8220;Posid\u00f2nia&#8221;\u00a0de Carles Bros es podr\u00e0 veure fins el 10 de desembre a la sala d&#8217;exposicions de la Casa Irla<\/p>\n","protected":false},"author":1,"featured_media":2119,"comment_status":"closed","ping_status":"closed","sticky":false,"template":"","format":"standard","meta":{"footnotes":""},"categories":[1],"tags":[],"class_list":["post-2118","post","type-post","status-publish","format-standard","has-post-thumbnail","hentry","category-general"],"_links":{"self":[{"href":"https:\/\/irla.cat\/casairla\/wp-json\/wp\/v2\/posts\/2118","targetHints":{"allow":["GET"]}}],"collection":[{"href":"https:\/\/irla.cat\/casairla\/wp-json\/wp\/v2\/posts"}],"about":[{"href":"https:\/\/irla.cat\/casairla\/wp-json\/wp\/v2\/types\/post"}],"author":[{"embeddable":true,"href":"https:\/\/irla.cat\/casairla\/wp-json\/wp\/v2\/users\/1"}],"replies":[{"embeddable":true,"href":"https:\/\/irla.cat\/casairla\/wp-json\/wp\/v2\/comments?post=2118"}],"version-history":[{"count":3,"href":"https:\/\/irla.cat\/casairla\/wp-json\/wp\/v2\/posts\/2118\/revisions"}],"predecessor-version":[{"id":2123,"href":"https:\/\/irla.cat\/casairla\/wp-json\/wp\/v2\/posts\/2118\/revisions\/2123"}],"wp:featuredmedia":[{"embeddable":true,"href":"https:\/\/irla.cat\/casairla\/wp-json\/wp\/v2\/media\/2119"}],"wp:attachment":[{"href":"https:\/\/irla.cat\/casairla\/wp-json\/wp\/v2\/media?parent=2118"}],"wp:term":[{"taxonomy":"category","embeddable":true,"href":"https:\/\/irla.cat\/casairla\/wp-json\/wp\/v2\/categories?post=2118"},{"taxonomy":"post_tag","embeddable":true,"href":"https:\/\/irla.cat\/casairla\/wp-json\/wp\/v2\/tags?post=2118"}],"curies":[{"name":"wp","href":"https:\/\/api.w.org\/{rel}","templated":true}]}}