{"id":2104,"date":"2023-09-20T08:06:05","date_gmt":"2023-09-20T06:06:05","guid":{"rendered":"https:\/\/irla.cat\/casairla\/?p=2104"},"modified":"2023-09-20T08:06:06","modified_gmt":"2023-09-20T06:06:06","slug":"dissabte-23-presentacio-del-llibre-anatomia-del-deep-state-espanyol","status":"publish","type":"post","link":"https:\/\/irla.cat\/casairla\/2023\/09\/20\/dissabte-23-presentacio-del-llibre-anatomia-del-deep-state-espanyol\/","title":{"rendered":"Dissabte 23 presentaci\u00f3 del llibre &#8220;Anatomia del Deep State espanyol&#8221;"},"content":{"rendered":"\n<p>Dissabte 23 de setembre a les 19 h presentem el llibre &#8220;Anatomia del Deep State espanyol&#8221; de Dami\u00e0 del Clot.<\/p>\n\n\n\n<p>Quan Espanya perd les col\u00f2nies d\u2019ultramar, el 1898, l\u2019ex\u00e8rcit cau en el pou del desprestigi i ja no pot lluir gestes imperials, l\u2019Estat es gira cap endins i fa bandera de la unitat.<\/p>\n\n\n\n<p>Inventa enemics, crea un marc jur\u00eddic d\u2019excepci\u00f3 i forja institucions amb vocaci\u00f3 repressora. El b\u00e9 com\u00fa \u00e9s substitu\u00eft per la ra\u00f3 d\u2019Estat, que \u00e9s defensada, si conv\u00e9, des dels angles morts del sistema.<\/p>\n\n\n\n<p>El franquisme ho accentua i la mort del dictador no ho atura, perqu\u00e8 les elits espanyoles es reciclen i continuen tenint el poder en una democr\u00e0cia de baixa qualitat.<\/p>\n\n\n\n<p>D\u2019aquesta manera, el marc jur\u00eddic queda en mans d\u2019institucions receloses amb el sistema de drets i llibertats de la Constituci\u00f3.<\/p>\n\n\n\n<p>Anatomia del Deep State espanyol descriu amb claredat aquest Estat dins de l\u2019Estat, ali\u00e8 al control democr\u00e0tic, tolerat per unes elits d\u2019origen franquista i que opera impunement al marge de la llei que diu defensar.<\/p>\n\n\n\n<p>Els assassinats de J. F. Kennedy i d\u2019Aldo Moro, el Watergate i certes pr\u00e0ctiques de la R\u00fassia de Putin tamb\u00e9 han estat explicades a partir de l\u2019exist\u00e8ncia d\u2019un poder que opera en la penombra de l\u2019Estat.<\/p>\n\n\n\n<p>L\u2019anomenada Operaci\u00f3 Catalunya, el Catalangate i les declaracions de l\u2019exministre Barrionuevo sobre els GAL i tot all\u00f2 relacionat amb l\u2019excomissari Villarejo acrediten l\u2019exist\u00e8ncia d\u2019unes clavegueres que en les seves actuacions no coneixen l\u00edmits.<\/p>\n\n\n<div class=\"wp-block-image\">\n<figure class=\"aligncenter size-large\"><a href=\"https:\/\/www.grup62.cat\/llibre-anatomia-del-deep-state-espanyol\/365071\" target=\"_blank\" rel=\"noreferrer noopener\"><img loading=\"lazy\" decoding=\"async\" width=\"667\" height=\"1024\" src=\"https:\/\/irla.cat\/casairla\/wp-content\/uploads\/2023\/09\/unnamed-667x1024.jpeg\" alt=\"\" class=\"wp-image-2105\" srcset=\"https:\/\/irla.cat\/casairla\/wp-content\/uploads\/2023\/09\/unnamed-667x1024.jpeg 667w, https:\/\/irla.cat\/casairla\/wp-content\/uploads\/2023\/09\/unnamed-195x300.jpeg 195w, https:\/\/irla.cat\/casairla\/wp-content\/uploads\/2023\/09\/unnamed-768x1179.jpeg 768w, https:\/\/irla.cat\/casairla\/wp-content\/uploads\/2023\/09\/unnamed-1001x1536.jpeg 1001w, https:\/\/irla.cat\/casairla\/wp-content\/uploads\/2023\/09\/unnamed-1334x2048.jpeg 1334w, https:\/\/irla.cat\/casairla\/wp-content\/uploads\/2023\/09\/unnamed-scaled.jpeg 1668w\" sizes=\"auto, (max-width: 667px) 100vw, 667px\" \/><\/a><\/figure>\n<\/div>","protected":false},"excerpt":{"rendered":"<p>Dissabte 23 de setembre a les 19 h presentem el llibre &#8220;Anatomia del Deep State espanyol&#8221; de Dami\u00e0 del Clot.<\/p>\n","protected":false},"author":1,"featured_media":2106,"comment_status":"closed","ping_status":"closed","sticky":false,"template":"","format":"standard","meta":{"footnotes":""},"categories":[1],"tags":[],"class_list":["post-2104","post","type-post","status-publish","format-standard","has-post-thumbnail","hentry","category-general"],"_links":{"self":[{"href":"https:\/\/irla.cat\/casairla\/wp-json\/wp\/v2\/posts\/2104","targetHints":{"allow":["GET"]}}],"collection":[{"href":"https:\/\/irla.cat\/casairla\/wp-json\/wp\/v2\/posts"}],"about":[{"href":"https:\/\/irla.cat\/casairla\/wp-json\/wp\/v2\/types\/post"}],"author":[{"embeddable":true,"href":"https:\/\/irla.cat\/casairla\/wp-json\/wp\/v2\/users\/1"}],"replies":[{"embeddable":true,"href":"https:\/\/irla.cat\/casairla\/wp-json\/wp\/v2\/comments?post=2104"}],"version-history":[{"count":1,"href":"https:\/\/irla.cat\/casairla\/wp-json\/wp\/v2\/posts\/2104\/revisions"}],"predecessor-version":[{"id":2107,"href":"https:\/\/irla.cat\/casairla\/wp-json\/wp\/v2\/posts\/2104\/revisions\/2107"}],"wp:featuredmedia":[{"embeddable":true,"href":"https:\/\/irla.cat\/casairla\/wp-json\/wp\/v2\/media\/2106"}],"wp:attachment":[{"href":"https:\/\/irla.cat\/casairla\/wp-json\/wp\/v2\/media?parent=2104"}],"wp:term":[{"taxonomy":"category","embeddable":true,"href":"https:\/\/irla.cat\/casairla\/wp-json\/wp\/v2\/categories?post=2104"},{"taxonomy":"post_tag","embeddable":true,"href":"https:\/\/irla.cat\/casairla\/wp-json\/wp\/v2\/tags?post=2104"}],"curies":[{"name":"wp","href":"https:\/\/api.w.org\/{rel}","templated":true}]}}