{"id":2093,"date":"2023-09-11T09:39:41","date_gmt":"2023-09-11T07:39:41","guid":{"rendered":"https:\/\/irla.cat\/casairla\/?p=2093"},"modified":"2023-09-12T09:46:08","modified_gmt":"2023-09-12T07:46:08","slug":"divendres-15-de-setembre-magia-amb-marc-sabat","status":"publish","type":"post","link":"https:\/\/irla.cat\/casairla\/2023\/09\/11\/divendres-15-de-setembre-magia-amb-marc-sabat\/","title":{"rendered":"Divendres 15 de setembre m\u00e0gia amb Marc S\u00e0bat"},"content":{"rendered":"\n<p>Divendres 15 de setembre a les 19 h a la Casa Irla presentem l&#8217;espectacle de m\u00e0gia &#8220;A un pam&#8221; de Marc S\u00e0bat<\/p>\n\n\n\n<p>Mai has vist la m\u00e0gia de tant a prop.<\/p>\n\n\n\n<p>Aquest espectacle et sorprendr\u00e0 amb petits miracles de tot tipus: des de cartes, monedes, objectes&#8230; fins a prediccions, adivinacions i petites grans il\u00b7lusions.<\/p>\n\n\n\n<p>La connexi\u00f3 i empatia d\u2019en Marc S\u00e0bat amb el p\u00fablic fa que et submergeixis de principi a fi en aquest viatge m\u00e0gic.<\/p>\n\n\n\n<p>Vine i il\u00b7lusionat com mai ho havies fet abans<\/p>\n\n\n\n<p> T\u2019ho perdr\u00e0s?<\/p>\n\n\n\n<p>Apte per a tots els p\u00fablics.<\/p>\n\n\n\n<p>*Entrada lliure i gratu\u00efta<\/p>\n\n\n\n<p><\/p>\n","protected":false},"excerpt":{"rendered":"<p>Divendres 15 de setembre a les 19 h a la Casa Irla presentem l&#8217;espectacle de m\u00e0gia &#8220;A un pam&#8221; de Marc S\u00e0bat<\/p>\n","protected":false},"author":1,"featured_media":2094,"comment_status":"closed","ping_status":"closed","sticky":false,"template":"","format":"standard","meta":{"footnotes":""},"categories":[1],"tags":[],"class_list":["post-2093","post","type-post","status-publish","format-standard","has-post-thumbnail","hentry","category-general"],"_links":{"self":[{"href":"https:\/\/irla.cat\/casairla\/wp-json\/wp\/v2\/posts\/2093","targetHints":{"allow":["GET"]}}],"collection":[{"href":"https:\/\/irla.cat\/casairla\/wp-json\/wp\/v2\/posts"}],"about":[{"href":"https:\/\/irla.cat\/casairla\/wp-json\/wp\/v2\/types\/post"}],"author":[{"embeddable":true,"href":"https:\/\/irla.cat\/casairla\/wp-json\/wp\/v2\/users\/1"}],"replies":[{"embeddable":true,"href":"https:\/\/irla.cat\/casairla\/wp-json\/wp\/v2\/comments?post=2093"}],"version-history":[{"count":5,"href":"https:\/\/irla.cat\/casairla\/wp-json\/wp\/v2\/posts\/2093\/revisions"}],"predecessor-version":[{"id":2102,"href":"https:\/\/irla.cat\/casairla\/wp-json\/wp\/v2\/posts\/2093\/revisions\/2102"}],"wp:featuredmedia":[{"embeddable":true,"href":"https:\/\/irla.cat\/casairla\/wp-json\/wp\/v2\/media\/2094"}],"wp:attachment":[{"href":"https:\/\/irla.cat\/casairla\/wp-json\/wp\/v2\/media?parent=2093"}],"wp:term":[{"taxonomy":"category","embeddable":true,"href":"https:\/\/irla.cat\/casairla\/wp-json\/wp\/v2\/categories?post=2093"},{"taxonomy":"post_tag","embeddable":true,"href":"https:\/\/irla.cat\/casairla\/wp-json\/wp\/v2\/tags?post=2093"}],"curies":[{"name":"wp","href":"https:\/\/api.w.org\/{rel}","templated":true}]}}