{"id":209,"date":"2014-02-09T01:00:30","date_gmt":"2014-02-09T00:00:30","guid":{"rendered":"http:\/\/www.irla.cat\/casairla\/?p=209"},"modified":"2017-03-15T01:03:48","modified_gmt":"2017-03-15T00:03:48","slug":"la-puca-diatonica-folk-en-catala","status":"publish","type":"post","link":"https:\/\/irla.cat\/casairla\/2014\/02\/09\/la-puca-diatonica-folk-en-catala\/","title":{"rendered":"La Pu\u00e7a Diat\u00f2nica: folk en catal\u00e0"},"content":{"rendered":"<p>El grup de la Bisbal d&#8217;Empord\u00e0 &#8220;La Pu\u00e7a Diat\u00f2nica&#8221; va oferir dissabte 8 de febrer un gran concert de folk-celtic.<!--more--><\/p>\n<p>Amb un ritme r\u00e0pid i trepidant els sis components d&#8217;aquesta banda van fer saltar i ballar durant m\u00e9s de dues hores al p\u00fablic assistent.<\/p>\n<p>\u00c9s realment un aut\u00e8ntic plaer i un luxe poder gaudir de m\u00fasica en directe amb la qualitat que ens va oferir La Pu\u00e7a Diat\u00f2nica. Vam poder escoltar instruments cl\u00e0ssics del folklore catal\u00e0 com \u00e9s sac de gemecs, la gralla i altres flautins que donaven color als diferents temes interpretats.<\/p>\n<p><img loading=\"lazy\" decoding=\"async\" class=\"aligncenter size-full wp-image-211\" src=\"http:\/\/www.irla.cat\/casairla\/wp-content\/uploads\/2017\/03\/Puca-Diatonica-Casa-Irla-02.jpg\" alt=\"\" width=\"533\" height=\"400\" srcset=\"https:\/\/irla.cat\/casairla\/wp-content\/uploads\/2017\/03\/Puca-Diatonica-Casa-Irla-02.jpg 533w, https:\/\/irla.cat\/casairla\/wp-content\/uploads\/2017\/03\/Puca-Diatonica-Casa-Irla-02-300x225.jpg 300w\" sizes=\"auto, (max-width: 533px) 100vw, 533px\" \/><\/p>\n<p>Us oferim un petit tastet del concert per a tots aquells que no vau poder venir a escoltar-los en directe:<br \/>\n<iframe loading=\"lazy\" src=\"https:\/\/www.youtube.com\/embed\/DKbNwdCNHJw\" width=\"560\" height=\"315\" frameborder=\"0\" allowfullscreen=\"allowfullscreen\"><\/iframe><\/p>\n<p>&nbsp;<\/p>\n","protected":false},"excerpt":{"rendered":"<p>El grup de la Bisbal d&#8217;Empord\u00e0 &#8220;La Pu\u00e7a Diat\u00f2nica&#8221; va oferir dissabte 8 de febrer un gran concert de folk-celtic.<\/p>\n","protected":false},"author":1,"featured_media":210,"comment_status":"open","ping_status":"open","sticky":false,"template":"template-centered.php","format":"standard","meta":{"footnotes":""},"categories":[1],"tags":[],"class_list":["post-209","post","type-post","status-publish","format-standard","has-post-thumbnail","hentry","category-general"],"_links":{"self":[{"href":"https:\/\/irla.cat\/casairla\/wp-json\/wp\/v2\/posts\/209","targetHints":{"allow":["GET"]}}],"collection":[{"href":"https:\/\/irla.cat\/casairla\/wp-json\/wp\/v2\/posts"}],"about":[{"href":"https:\/\/irla.cat\/casairla\/wp-json\/wp\/v2\/types\/post"}],"author":[{"embeddable":true,"href":"https:\/\/irla.cat\/casairla\/wp-json\/wp\/v2\/users\/1"}],"replies":[{"embeddable":true,"href":"https:\/\/irla.cat\/casairla\/wp-json\/wp\/v2\/comments?post=209"}],"version-history":[{"count":1,"href":"https:\/\/irla.cat\/casairla\/wp-json\/wp\/v2\/posts\/209\/revisions"}],"predecessor-version":[{"id":212,"href":"https:\/\/irla.cat\/casairla\/wp-json\/wp\/v2\/posts\/209\/revisions\/212"}],"wp:featuredmedia":[{"embeddable":true,"href":"https:\/\/irla.cat\/casairla\/wp-json\/wp\/v2\/media\/210"}],"wp:attachment":[{"href":"https:\/\/irla.cat\/casairla\/wp-json\/wp\/v2\/media?parent=209"}],"wp:term":[{"taxonomy":"category","embeddable":true,"href":"https:\/\/irla.cat\/casairla\/wp-json\/wp\/v2\/categories?post=209"},{"taxonomy":"post_tag","embeddable":true,"href":"https:\/\/irla.cat\/casairla\/wp-json\/wp\/v2\/tags?post=209"}],"curies":[{"name":"wp","href":"https:\/\/api.w.org\/{rel}","templated":true}]}}