{"id":2089,"date":"2023-09-12T09:00:00","date_gmt":"2023-09-12T07:00:00","guid":{"rendered":"https:\/\/irla.cat\/casairla\/?p=2089"},"modified":"2023-09-12T09:42:05","modified_gmt":"2023-09-12T07:42:05","slug":"dissabte-16-de-setembre-presentacio-del-llibre-el-sender-litoral-de-la-costa-brava","status":"publish","type":"post","link":"https:\/\/irla.cat\/casairla\/2023\/09\/12\/dissabte-16-de-setembre-presentacio-del-llibre-el-sender-litoral-de-la-costa-brava\/","title":{"rendered":"Dissabte 16 de setembre presentaci\u00f3 del llibre &#8220;El sender litoral de la Costa Brava&#8221;"},"content":{"rendered":"\n<p>Dissabte 16 de setembre a les 19 h presentem el llibre d&#8217;Argemir Gonz\u00e1lez &#8220;El sender litoral de la Costa Brava&#8221;<\/p>\n\n\n\n<p>Aquesta guia de la Costa Brava recorre els camins m\u00e9s propers al mar Mediterrani entre Blanes i Portbou.<\/p>\n\n\n\n<p>Es divideix en vint-i-set etapes.<\/p>\n\n\n\n<p>Alguns trams s\u00f3n f\u00e0cils i for\u00e7a coneguts, d\u2019altres s\u00f3n solitaris i exigents, per\u00f2 tots ells s\u00f3n bell\u00edssims. Les diferents etapes del sender litoral es poden fer de forma continuada o individualment per a la qual cosa cada una d\u2019elles va acompanyada de dades sobre el transport p\u00fablic per arribar i per tornar al punt de sortida. <\/p>\n\n\n\n<p>L\u2019autor, fill de la Costa Brava i profund coneixedor de la zona, a m\u00e9s a m\u00e9s de les rutes de senderisme tamb\u00e9 ens proposa itineraris urbans per les principals poblacions aportant en totes elles una gran quantitat d\u2019informaci\u00f3 sobre la natura, la hist\u00f2ria, l\u2019art i les llegendes dels indrets visitats.<\/p>\n\n\n\n<p>En resum, es tracta d\u2019una proposta molt completa i adequada per a gaudir de la Costa Brava tot l\u2019any<\/p>\n\n\n<div class=\"wp-block-image\">\n<figure class=\"aligncenter size-large\"><a href=\"https:\/\/sua.eus\/es\/libros\/el-sender-litoral-de-la-costa-brava-guia-viatgera-i-senderista\/\"><img loading=\"lazy\" decoding=\"async\" width=\"811\" height=\"1024\" src=\"https:\/\/irla.cat\/casairla\/wp-content\/uploads\/2023\/09\/ARGEMIR-GONZALEZ-PORTADA-811x1024.jpg\" alt=\"\" class=\"wp-image-2091\" srcset=\"https:\/\/irla.cat\/casairla\/wp-content\/uploads\/2023\/09\/ARGEMIR-GONZALEZ-PORTADA-811x1024.jpg 811w, https:\/\/irla.cat\/casairla\/wp-content\/uploads\/2023\/09\/ARGEMIR-GONZALEZ-PORTADA-238x300.jpg 238w, https:\/\/irla.cat\/casairla\/wp-content\/uploads\/2023\/09\/ARGEMIR-GONZALEZ-PORTADA-768x970.jpg 768w, https:\/\/irla.cat\/casairla\/wp-content\/uploads\/2023\/09\/ARGEMIR-GONZALEZ-PORTADA-1216x1536.jpg 1216w, https:\/\/irla.cat\/casairla\/wp-content\/uploads\/2023\/09\/ARGEMIR-GONZALEZ-PORTADA-1622x2048.jpg 1622w, https:\/\/irla.cat\/casairla\/wp-content\/uploads\/2023\/09\/ARGEMIR-GONZALEZ-PORTADA.jpg 1913w\" sizes=\"auto, (max-width: 811px) 100vw, 811px\" \/><\/a><\/figure>\n<\/div>\n\n\n<p><\/p>\n","protected":false},"excerpt":{"rendered":"<p>Dissabte 16 de setembre a les 19 h presentem el llibre d&#8217;Argemir Gonz\u00e1lez &#8220;El sender litoral de la Costa Brava&#8221;<\/p>\n","protected":false},"author":1,"featured_media":2090,"comment_status":"closed","ping_status":"closed","sticky":false,"template":"","format":"standard","meta":{"footnotes":""},"categories":[1],"tags":[],"class_list":["post-2089","post","type-post","status-publish","format-standard","has-post-thumbnail","hentry","category-general"],"_links":{"self":[{"href":"https:\/\/irla.cat\/casairla\/wp-json\/wp\/v2\/posts\/2089","targetHints":{"allow":["GET"]}}],"collection":[{"href":"https:\/\/irla.cat\/casairla\/wp-json\/wp\/v2\/posts"}],"about":[{"href":"https:\/\/irla.cat\/casairla\/wp-json\/wp\/v2\/types\/post"}],"author":[{"embeddable":true,"href":"https:\/\/irla.cat\/casairla\/wp-json\/wp\/v2\/users\/1"}],"replies":[{"embeddable":true,"href":"https:\/\/irla.cat\/casairla\/wp-json\/wp\/v2\/comments?post=2089"}],"version-history":[{"count":1,"href":"https:\/\/irla.cat\/casairla\/wp-json\/wp\/v2\/posts\/2089\/revisions"}],"predecessor-version":[{"id":2092,"href":"https:\/\/irla.cat\/casairla\/wp-json\/wp\/v2\/posts\/2089\/revisions\/2092"}],"wp:featuredmedia":[{"embeddable":true,"href":"https:\/\/irla.cat\/casairla\/wp-json\/wp\/v2\/media\/2090"}],"wp:attachment":[{"href":"https:\/\/irla.cat\/casairla\/wp-json\/wp\/v2\/media?parent=2089"}],"wp:term":[{"taxonomy":"category","embeddable":true,"href":"https:\/\/irla.cat\/casairla\/wp-json\/wp\/v2\/categories?post=2089"},{"taxonomy":"post_tag","embeddable":true,"href":"https:\/\/irla.cat\/casairla\/wp-json\/wp\/v2\/tags?post=2089"}],"curies":[{"name":"wp","href":"https:\/\/api.w.org\/{rel}","templated":true}]}}