{"id":2075,"date":"2023-08-30T09:23:48","date_gmt":"2023-08-30T07:23:48","guid":{"rendered":"https:\/\/irla.cat\/casairla\/?p=2075"},"modified":"2023-08-30T09:23:49","modified_gmt":"2023-08-30T07:23:49","slug":"dissabte-2-de-setembre-jordi-graupera-presenta-el-llibre-la-perplexitat","status":"publish","type":"post","link":"https:\/\/irla.cat\/casairla\/2023\/08\/30\/dissabte-2-de-setembre-jordi-graupera-presenta-el-llibre-la-perplexitat\/","title":{"rendered":"Dissabte 2 de setembre Jordi Graupera presenta  el llibre &#8220;La perplexitat&#8221;"},"content":{"rendered":"\n<p>Dissabte 2 de setembre a les 19 h presentem el llibre &#8220;La perplexitat&#8221; de Jordi Graupera amb Toni Sala<\/p>\n\n\n\n<p>Una de les veus m\u00e9s interessants del pensament filos\u00f2fic i pol\u00edtic catal\u00e0. Un destil\u00b7lat de la lli\u00e7\u00f3 pol\u00edtica i vital m\u00e9s important apresa durant deu anys a Nova York.<\/p>\n\n\n\n<p>La perplexitat \u00e9s un llibre sobre el moment en qu\u00e8 dos grups humans, o dues persones, s\u00f3n incapa\u00e7os de comprendre\u2019s i es queden perplexos davant les esperances dels altres. Per explicar-ho s\u2019hi barregen tres eixos. El primer, l\u2019experi\u00e8ncia de deu anys de viure a Nova York \u2014el per\u00edode d\u2019Obama a Trump\u2014, amb la descripci\u00f3 de les quotidianitats, la gent i la vida a Nova York i als Estats Units.<\/p>\n\n\n\n<p>El segon, la pol\u00edtica i la hist\u00f2ria a partir d\u2019escenes concretes, realitats culturals concretes, pol\u00edtics concrets. I el tercer, les reflexions interiors de l\u2019autor, amb refer\u00e8ncies al passat, als dubtes, a les esperances i als fracassos, a les lectures i als fets que ens fan cr\u00e9ixer, a la perplexitat mateixa.<\/p>\n\n\n<div class=\"wp-block-image\">\n<figure class=\"aligncenter size-large\"><a href=\"https:\/\/www.grup62.cat\/llibre-la-perplexitat\/371067\"><img loading=\"lazy\" decoding=\"async\" width=\"677\" height=\"1024\" src=\"https:\/\/irla.cat\/casairla\/wp-content\/uploads\/2023\/08\/La-perplexitat-677x1024.jpg\" alt=\"\" class=\"wp-image-2076\" srcset=\"https:\/\/irla.cat\/casairla\/wp-content\/uploads\/2023\/08\/La-perplexitat-677x1024.jpg 677w, https:\/\/irla.cat\/casairla\/wp-content\/uploads\/2023\/08\/La-perplexitat-198x300.jpg 198w, https:\/\/irla.cat\/casairla\/wp-content\/uploads\/2023\/08\/La-perplexitat-768x1162.jpg 768w, https:\/\/irla.cat\/casairla\/wp-content\/uploads\/2023\/08\/La-perplexitat-1015x1536.jpg 1015w, https:\/\/irla.cat\/casairla\/wp-content\/uploads\/2023\/08\/La-perplexitat-1354x2048.jpg 1354w, https:\/\/irla.cat\/casairla\/wp-content\/uploads\/2023\/08\/La-perplexitat-scaled.jpg 1692w\" sizes=\"auto, (max-width: 677px) 100vw, 677px\" \/><\/a><\/figure>\n<\/div>","protected":false},"excerpt":{"rendered":"<p>Dissabte 2 de setembre a les 19 h presentem el llibre &#8220;La perplexitat&#8221; de Jordi Graupera amb Toni Sala<\/p>\n","protected":false},"author":1,"featured_media":2077,"comment_status":"closed","ping_status":"closed","sticky":false,"template":"","format":"standard","meta":{"footnotes":""},"categories":[1],"tags":[],"class_list":["post-2075","post","type-post","status-publish","format-standard","has-post-thumbnail","hentry","category-general"],"_links":{"self":[{"href":"https:\/\/irla.cat\/casairla\/wp-json\/wp\/v2\/posts\/2075","targetHints":{"allow":["GET"]}}],"collection":[{"href":"https:\/\/irla.cat\/casairla\/wp-json\/wp\/v2\/posts"}],"about":[{"href":"https:\/\/irla.cat\/casairla\/wp-json\/wp\/v2\/types\/post"}],"author":[{"embeddable":true,"href":"https:\/\/irla.cat\/casairla\/wp-json\/wp\/v2\/users\/1"}],"replies":[{"embeddable":true,"href":"https:\/\/irla.cat\/casairla\/wp-json\/wp\/v2\/comments?post=2075"}],"version-history":[{"count":1,"href":"https:\/\/irla.cat\/casairla\/wp-json\/wp\/v2\/posts\/2075\/revisions"}],"predecessor-version":[{"id":2078,"href":"https:\/\/irla.cat\/casairla\/wp-json\/wp\/v2\/posts\/2075\/revisions\/2078"}],"wp:featuredmedia":[{"embeddable":true,"href":"https:\/\/irla.cat\/casairla\/wp-json\/wp\/v2\/media\/2077"}],"wp:attachment":[{"href":"https:\/\/irla.cat\/casairla\/wp-json\/wp\/v2\/media?parent=2075"}],"wp:term":[{"taxonomy":"category","embeddable":true,"href":"https:\/\/irla.cat\/casairla\/wp-json\/wp\/v2\/categories?post=2075"},{"taxonomy":"post_tag","embeddable":true,"href":"https:\/\/irla.cat\/casairla\/wp-json\/wp\/v2\/tags?post=2075"}],"curies":[{"name":"wp","href":"https:\/\/api.w.org\/{rel}","templated":true}]}}