{"id":2067,"date":"2023-07-27T09:19:05","date_gmt":"2023-07-27T07:19:05","guid":{"rendered":"https:\/\/irla.cat\/casairla\/?p=2067"},"modified":"2023-07-27T09:19:06","modified_gmt":"2023-07-27T07:19:06","slug":"dissabte-29-de-juliol-inauguracio-de-lexposicio-guixartfoto","status":"publish","type":"post","link":"https:\/\/irla.cat\/casairla\/2023\/07\/27\/dissabte-29-de-juliol-inauguracio-de-lexposicio-guixartfoto\/","title":{"rendered":"\u00a0Dissabte 29 de juliol inauguraci\u00f3 de l&#8217;exposici\u00f3\u00a0GUIXARTFOTO"},"content":{"rendered":"\n<p>\u00a0Dissabte 29 de juliol a les 19 h inauguraci\u00f3 de l&#8217;exposici\u00f3\u00a0GUIXARTFOTO<\/p>\n\n\n\n<p>L\u2019Associaci\u00f3 Fotogr\u00e0fica i Cinematogr\u00e0fica de Sant Feliu de Gu\u00edxols est\u00e0 a punt de fer 60 anys d\u2019hist\u00f2ria. S\u00f3n innombrables les exposicions que ha promogut i els premis rebuts pels seus socis.<\/p>\n\n\n\n<p>Ara, aquests homes i dones de la c\u00e0mera exposaran per primer cop com a Guixart Foto 1\u201d en companyia<br>d\u2019altres mestres de la imatge de Sant Feliu.<\/p>\n","protected":false},"excerpt":{"rendered":"<p>\u00a0Dissabte 29 de juliol a les 19 h inauguraci\u00f3 de l&#8217;exposici\u00f3\u00a0GUIXARTFOTO L\u2019Associaci\u00f3 Fotogr\u00e0fica i Cinematogr\u00e0fica de Sant Feliu de Gu\u00edxols<\/p>\n","protected":false},"author":1,"featured_media":2068,"comment_status":"closed","ping_status":"closed","sticky":false,"template":"","format":"standard","meta":{"footnotes":""},"categories":[1],"tags":[],"class_list":["post-2067","post","type-post","status-publish","format-standard","has-post-thumbnail","hentry","category-general"],"_links":{"self":[{"href":"https:\/\/irla.cat\/casairla\/wp-json\/wp\/v2\/posts\/2067","targetHints":{"allow":["GET"]}}],"collection":[{"href":"https:\/\/irla.cat\/casairla\/wp-json\/wp\/v2\/posts"}],"about":[{"href":"https:\/\/irla.cat\/casairla\/wp-json\/wp\/v2\/types\/post"}],"author":[{"embeddable":true,"href":"https:\/\/irla.cat\/casairla\/wp-json\/wp\/v2\/users\/1"}],"replies":[{"embeddable":true,"href":"https:\/\/irla.cat\/casairla\/wp-json\/wp\/v2\/comments?post=2067"}],"version-history":[{"count":1,"href":"https:\/\/irla.cat\/casairla\/wp-json\/wp\/v2\/posts\/2067\/revisions"}],"predecessor-version":[{"id":2069,"href":"https:\/\/irla.cat\/casairla\/wp-json\/wp\/v2\/posts\/2067\/revisions\/2069"}],"wp:featuredmedia":[{"embeddable":true,"href":"https:\/\/irla.cat\/casairla\/wp-json\/wp\/v2\/media\/2068"}],"wp:attachment":[{"href":"https:\/\/irla.cat\/casairla\/wp-json\/wp\/v2\/media?parent=2067"}],"wp:term":[{"taxonomy":"category","embeddable":true,"href":"https:\/\/irla.cat\/casairla\/wp-json\/wp\/v2\/categories?post=2067"},{"taxonomy":"post_tag","embeddable":true,"href":"https:\/\/irla.cat\/casairla\/wp-json\/wp\/v2\/tags?post=2067"}],"curies":[{"name":"wp","href":"https:\/\/api.w.org\/{rel}","templated":true}]}}