{"id":2064,"date":"2023-07-22T13:43:29","date_gmt":"2023-07-22T11:43:29","guid":{"rendered":"https:\/\/irla.cat\/casairla\/?p=2064"},"modified":"2023-07-27T09:21:54","modified_gmt":"2023-07-27T07:21:54","slug":"dissabte-dia-22-de-juliol-presentem-el-llibre-a-pecho-descubierto-de-francisca-serrano","status":"publish","type":"post","link":"https:\/\/irla.cat\/casairla\/2023\/07\/22\/dissabte-dia-22-de-juliol-presentem-el-llibre-a-pecho-descubierto-de-francisca-serrano\/","title":{"rendered":"Dissabte dia 22 de juliol presentem  el llibre &#8220;A pecho descubierto&#8221; de Francisca Serrano"},"content":{"rendered":"\n<p>Dissabte 22 de juliol a les 19 h presentem el llibre &#8220;A pecho descubierto&#8221; de Francisca Serrano acompanyada de Tony Azor\u00edn.<\/p>\n\n\n\n<p>La vida \u00e9s com un joc, ens posa en constant prova. El c\u00e0ncer va apar\u00e8ixer com una pedra al meu cam\u00ed, una excusa fotudament perfecta per adonar-me de ple amb mi mateixa.<\/p>\n\n\n\n<p>Al llarg de les p\u00e0gines d\u2019aquest relat, es pot observar com un moment de ruptura com aquest m\u2019ha ajudat (quasi emp\u00e8s) a canviar la mirada.<\/p>\n\n\n\n<p>S\u2019ha teixit una xarxa de persones al meu voltant, que ha afavorit que veies dintre i fora de la meva persona. Recon\u00e8ixer la meva fragilitat i transcendir-la \u00e9s el&nbsp;que m\u2019ha servit per viure aquest trajecte tan intens.<\/p>\n\n\n","protected":false},"excerpt":{"rendered":"<p>Dissabte 22 de juliol a les 19 h presentem el llibre &#8220;A pecho descubierto&#8221; de Francisca Serrano acompanyada de Tony<\/p>\n","protected":false},"author":1,"featured_media":2072,"comment_status":"closed","ping_status":"closed","sticky":false,"template":"","format":"standard","meta":{"footnotes":""},"categories":[1],"tags":[],"class_list":["post-2064","post","type-post","status-publish","format-standard","has-post-thumbnail","hentry","category-general"],"_links":{"self":[{"href":"https:\/\/irla.cat\/casairla\/wp-json\/wp\/v2\/posts\/2064","targetHints":{"allow":["GET"]}}],"collection":[{"href":"https:\/\/irla.cat\/casairla\/wp-json\/wp\/v2\/posts"}],"about":[{"href":"https:\/\/irla.cat\/casairla\/wp-json\/wp\/v2\/types\/post"}],"author":[{"embeddable":true,"href":"https:\/\/irla.cat\/casairla\/wp-json\/wp\/v2\/users\/1"}],"replies":[{"embeddable":true,"href":"https:\/\/irla.cat\/casairla\/wp-json\/wp\/v2\/comments?post=2064"}],"version-history":[{"count":2,"href":"https:\/\/irla.cat\/casairla\/wp-json\/wp\/v2\/posts\/2064\/revisions"}],"predecessor-version":[{"id":2071,"href":"https:\/\/irla.cat\/casairla\/wp-json\/wp\/v2\/posts\/2064\/revisions\/2071"}],"wp:featuredmedia":[{"embeddable":true,"href":"https:\/\/irla.cat\/casairla\/wp-json\/wp\/v2\/media\/2072"}],"wp:attachment":[{"href":"https:\/\/irla.cat\/casairla\/wp-json\/wp\/v2\/media?parent=2064"}],"wp:term":[{"taxonomy":"category","embeddable":true,"href":"https:\/\/irla.cat\/casairla\/wp-json\/wp\/v2\/categories?post=2064"},{"taxonomy":"post_tag","embeddable":true,"href":"https:\/\/irla.cat\/casairla\/wp-json\/wp\/v2\/tags?post=2064"}],"curies":[{"name":"wp","href":"https:\/\/api.w.org\/{rel}","templated":true}]}}