{"id":2050,"date":"2023-07-13T00:05:39","date_gmt":"2023-07-12T22:05:39","guid":{"rendered":"https:\/\/irla.cat\/casairla\/?p=2050"},"modified":"2023-07-13T00:06:12","modified_gmt":"2023-07-12T22:06:12","slug":"divendres-14-de-juliol-decidir-amb-el-cor-delena-cuesta","status":"publish","type":"post","link":"https:\/\/irla.cat\/casairla\/2023\/07\/13\/divendres-14-de-juliol-decidir-amb-el-cor-delena-cuesta\/","title":{"rendered":"Divendres 14 de juliol &#8220;Decidir amb el cor&#8221; d&#8217;Elena Cuesta"},"content":{"rendered":"\n<p>Divendres 14 de juliol a les 19 h &#8220;Decidir amb el cor&#8221; de Elena Cuesta coach de confian\u00e7a i autolideratge conscient amb cavalls lliures i Tony Azor\u00edn artista visual.<\/p>\n\n\n\n<p>&#8220;Workshop&#8221; totalment pr\u00e0ctic per descobrir que fa que no facis el que vols fer, i com podries arribar a fer-ho amb visi\u00f3, atenci\u00f3 i confian\u00e7a\u2026 amb cavalls lliures.<\/p>\n\n\n\n<p><\/p>\n","protected":false},"excerpt":{"rendered":"<p>Divendres 14 de juliol a les 19 h &#8220;Decidir amb el cor&#8221; de Elena Cuesta coach de confian\u00e7a i autolideratge conscient i Tony Azor\u00edn artista visual.<\/p>\n","protected":false},"author":1,"featured_media":2052,"comment_status":"closed","ping_status":"closed","sticky":false,"template":"","format":"standard","meta":{"footnotes":""},"categories":[1],"tags":[],"class_list":["post-2050","post","type-post","status-publish","format-standard","has-post-thumbnail","hentry","category-general"],"_links":{"self":[{"href":"https:\/\/irla.cat\/casairla\/wp-json\/wp\/v2\/posts\/2050","targetHints":{"allow":["GET"]}}],"collection":[{"href":"https:\/\/irla.cat\/casairla\/wp-json\/wp\/v2\/posts"}],"about":[{"href":"https:\/\/irla.cat\/casairla\/wp-json\/wp\/v2\/types\/post"}],"author":[{"embeddable":true,"href":"https:\/\/irla.cat\/casairla\/wp-json\/wp\/v2\/users\/1"}],"replies":[{"embeddable":true,"href":"https:\/\/irla.cat\/casairla\/wp-json\/wp\/v2\/comments?post=2050"}],"version-history":[{"count":2,"href":"https:\/\/irla.cat\/casairla\/wp-json\/wp\/v2\/posts\/2050\/revisions"}],"predecessor-version":[{"id":2053,"href":"https:\/\/irla.cat\/casairla\/wp-json\/wp\/v2\/posts\/2050\/revisions\/2053"}],"wp:featuredmedia":[{"embeddable":true,"href":"https:\/\/irla.cat\/casairla\/wp-json\/wp\/v2\/media\/2052"}],"wp:attachment":[{"href":"https:\/\/irla.cat\/casairla\/wp-json\/wp\/v2\/media?parent=2050"}],"wp:term":[{"taxonomy":"category","embeddable":true,"href":"https:\/\/irla.cat\/casairla\/wp-json\/wp\/v2\/categories?post=2050"},{"taxonomy":"post_tag","embeddable":true,"href":"https:\/\/irla.cat\/casairla\/wp-json\/wp\/v2\/tags?post=2050"}],"curies":[{"name":"wp","href":"https:\/\/api.w.org\/{rel}","templated":true}]}}