{"id":205,"date":"2014-02-04T00:56:00","date_gmt":"2014-02-03T23:56:00","guid":{"rendered":"http:\/\/www.irla.cat\/casairla\/?p=205"},"modified":"2017-03-15T01:00:17","modified_gmt":"2017-03-15T00:00:17","slug":"concert-la-puca-diatonica","status":"publish","type":"post","link":"https:\/\/irla.cat\/casairla\/2014\/02\/04\/concert-la-puca-diatonica\/","title":{"rendered":"Concert: &#8220;La Pu\u00e7a diat\u00f2nica&#8221;"},"content":{"rendered":"<p>Dissabte 8 de febrer a les 22:30h. encetem la temporada de concerts d&#8217;aquesta programaci\u00f3 Hivern-Primavera 2014.<!--more--> I ho fem amb un grup de la Bisbal d&#8217;Empord\u00e0: La Pu\u00e7a Diat\u00f2nica.<br \/>\nFan folk-celtic, i defineixen la seva m\u00fasica com a m\u00fasica de taverna, amb un estil en concret que ells anomenen \u00abwood music\u00bb.<\/p>\n<p>Per aquest concert faran un rep\u00e0s de les can\u00e7ons dels seus dos discos auto-editats, \u00abGint\u00f2nicament Parlant\u00bb (abril 2011) i \u00abPatates Viues\u00bb (gener 2013), on podem trobar can\u00e7ons de lluita, d\u2019amor, d\u2019il\u00b7lusi\u00f3, de reivindicaci\u00f3 i fins i tot gastron\u00f2miques.<\/p>\n<p><img loading=\"lazy\" decoding=\"async\" class=\"aligncenter size-full wp-image-207\" src=\"http:\/\/www.irla.cat\/casairla\/wp-content\/uploads\/2017\/03\/Cartell-La-Puca-Diatonica.jpg\" alt=\"\" width=\"500\" height=\"404\" srcset=\"https:\/\/irla.cat\/casairla\/wp-content\/uploads\/2017\/03\/Cartell-La-Puca-Diatonica.jpg 500w, https:\/\/irla.cat\/casairla\/wp-content\/uploads\/2017\/03\/Cartell-La-Puca-Diatonica-300x242.jpg 300w\" sizes=\"auto, (max-width: 500px) 100vw, 500px\" \/><\/p>\n","protected":false},"excerpt":{"rendered":"<p>Dissabte 8 de febrer a les 22:30h. encetem la temporada de concerts d&#8217;aquesta programaci\u00f3 Hivern-Primavera 2014.<\/p>\n","protected":false},"author":1,"featured_media":206,"comment_status":"open","ping_status":"open","sticky":false,"template":"template-centered.php","format":"standard","meta":{"footnotes":""},"categories":[1],"tags":[],"class_list":["post-205","post","type-post","status-publish","format-standard","has-post-thumbnail","hentry","category-general"],"_links":{"self":[{"href":"https:\/\/irla.cat\/casairla\/wp-json\/wp\/v2\/posts\/205","targetHints":{"allow":["GET"]}}],"collection":[{"href":"https:\/\/irla.cat\/casairla\/wp-json\/wp\/v2\/posts"}],"about":[{"href":"https:\/\/irla.cat\/casairla\/wp-json\/wp\/v2\/types\/post"}],"author":[{"embeddable":true,"href":"https:\/\/irla.cat\/casairla\/wp-json\/wp\/v2\/users\/1"}],"replies":[{"embeddable":true,"href":"https:\/\/irla.cat\/casairla\/wp-json\/wp\/v2\/comments?post=205"}],"version-history":[{"count":1,"href":"https:\/\/irla.cat\/casairla\/wp-json\/wp\/v2\/posts\/205\/revisions"}],"predecessor-version":[{"id":208,"href":"https:\/\/irla.cat\/casairla\/wp-json\/wp\/v2\/posts\/205\/revisions\/208"}],"wp:featuredmedia":[{"embeddable":true,"href":"https:\/\/irla.cat\/casairla\/wp-json\/wp\/v2\/media\/206"}],"wp:attachment":[{"href":"https:\/\/irla.cat\/casairla\/wp-json\/wp\/v2\/media?parent=205"}],"wp:term":[{"taxonomy":"category","embeddable":true,"href":"https:\/\/irla.cat\/casairla\/wp-json\/wp\/v2\/categories?post=205"},{"taxonomy":"post_tag","embeddable":true,"href":"https:\/\/irla.cat\/casairla\/wp-json\/wp\/v2\/tags?post=205"}],"curies":[{"name":"wp","href":"https:\/\/api.w.org\/{rel}","templated":true}]}}