{"id":2042,"date":"2023-07-05T19:31:13","date_gmt":"2023-07-05T17:31:13","guid":{"rendered":"https:\/\/irla.cat\/casairla\/?p=2042"},"modified":"2023-07-05T19:32:42","modified_gmt":"2023-07-05T17:32:42","slug":"divendres-7-de-juliol-presentacio-del-llibre-cop-de-maca","status":"publish","type":"post","link":"https:\/\/irla.cat\/casairla\/2023\/07\/05\/divendres-7-de-juliol-presentacio-del-llibre-cop-de-maca\/","title":{"rendered":"Divendres 7 de juliol presentaci\u00f3 del llibre &#8220;Cop de ma\u00e7a&#8221;"},"content":{"rendered":"\n<p>Divendres 7 de juliol a les 19 h presentem el llibre &#8220;Cop de ma\u00e7a. La revolta po\u00e8tica dels drets humans&#8221; de Joan Tamayo i Robert Manera.<\/p>\n\n\n\n<p>Aix\u00f2 que teniu a les mans \u00e9s l\u2019experiment de La revolta po\u00e8tica dels drets humans, que mitjan\u00e7ant trenta poemes (igual que els trenta articles de la Declaraci\u00f3 Universal dels Drets Humans) pret\u00e9n, de manera humil, fer el paper d\u2019una mena de ma\u00e7a que colpegi, amb for\u00e7a, les consci\u00e8ncies dels lectors i les lectores.<\/p>\n\n\n\n<p>Si el gran artista i creador Robert Manera, un peix mediterrani i m\u00e0gic, de mil colors, em va ensenyar, entre moltes altres coses, que l\u2019art pot arribar a ser una eina de transformaci\u00f3 social, la lectura lenta i l\u2019observaci\u00f3 entretinguda, durant mesos i mesos, dels seus magn\u00edfics quadres m\u2019ha demostrat, no tan sols que aquesta afirmaci\u00f3 \u00e9s ben certa, sin\u00f3 que cada un dels seus quadres \u00e9s un poema visual digne de ser exposat, divulgat i admirat, arreu. De la Introducci\u00f3 \u00abVal a dir que, a mesura que en Joan avan\u00e7ava en el treball, se n\u2019adonava i se sorprenia del grau de correlaci\u00f3 que existeix entre les pintures de Robert Manera i els seus escrits.<\/p>\n\n\n\n<p>\u00c9s precisament la complementaci\u00f3 d\u2019anhels compartits i l\u2019esperit lluitador, inconformista i rebel que es reflecteixen en ambdues disciplines, text i imatge, el que atorga for\u00e7a i especial atractiu al recull.\u00bb<\/p>\n\n\n\n<p>Pilar Ferr\u00e9s Lahoz &#8220;Tots dos, el Robert i el Joan, amb les seves energies creadores, han generat una obra original i nova, moguts per una vocaci\u00f3 i fascinaci\u00f3 en defensa de la dignitat&#8221;.<\/p>\n\n\n<div class=\"wp-block-image\">\n<figure class=\"aligncenter size-large\"><img loading=\"lazy\" decoding=\"async\" width=\"667\" height=\"1024\" src=\"https:\/\/irla.cat\/casairla\/wp-content\/uploads\/2023\/07\/Cop-de-maca-667x1024.jpg\" alt=\"\" class=\"wp-image-2043\" srcset=\"https:\/\/irla.cat\/casairla\/wp-content\/uploads\/2023\/07\/Cop-de-maca-667x1024.jpg 667w, https:\/\/irla.cat\/casairla\/wp-content\/uploads\/2023\/07\/Cop-de-maca-195x300.jpg 195w, https:\/\/irla.cat\/casairla\/wp-content\/uploads\/2023\/07\/Cop-de-maca-768x1180.jpg 768w, https:\/\/irla.cat\/casairla\/wp-content\/uploads\/2023\/07\/Cop-de-maca-1000x1536.jpg 1000w, https:\/\/irla.cat\/casairla\/wp-content\/uploads\/2023\/07\/Cop-de-maca-1333x2048.jpg 1333w, https:\/\/irla.cat\/casairla\/wp-content\/uploads\/2023\/07\/Cop-de-maca-scaled.jpg 1666w\" sizes=\"auto, (max-width: 667px) 100vw, 667px\" \/><\/figure>\n<\/div>","protected":false},"excerpt":{"rendered":"<p>Divendres 7 de juliol a les 19 h presentem el llibre &#8220;Cop de ma\u00e7a. La revolta po\u00e8tica dels drets humans&#8221; de Joan Tamayo i Robert Manera.<\/p>\n","protected":false},"author":1,"featured_media":2044,"comment_status":"closed","ping_status":"closed","sticky":false,"template":"","format":"standard","meta":{"footnotes":""},"categories":[1],"tags":[],"class_list":["post-2042","post","type-post","status-publish","format-standard","has-post-thumbnail","hentry","category-general"],"_links":{"self":[{"href":"https:\/\/irla.cat\/casairla\/wp-json\/wp\/v2\/posts\/2042","targetHints":{"allow":["GET"]}}],"collection":[{"href":"https:\/\/irla.cat\/casairla\/wp-json\/wp\/v2\/posts"}],"about":[{"href":"https:\/\/irla.cat\/casairla\/wp-json\/wp\/v2\/types\/post"}],"author":[{"embeddable":true,"href":"https:\/\/irla.cat\/casairla\/wp-json\/wp\/v2\/users\/1"}],"replies":[{"embeddable":true,"href":"https:\/\/irla.cat\/casairla\/wp-json\/wp\/v2\/comments?post=2042"}],"version-history":[{"count":3,"href":"https:\/\/irla.cat\/casairla\/wp-json\/wp\/v2\/posts\/2042\/revisions"}],"predecessor-version":[{"id":2048,"href":"https:\/\/irla.cat\/casairla\/wp-json\/wp\/v2\/posts\/2042\/revisions\/2048"}],"wp:featuredmedia":[{"embeddable":true,"href":"https:\/\/irla.cat\/casairla\/wp-json\/wp\/v2\/media\/2044"}],"wp:attachment":[{"href":"https:\/\/irla.cat\/casairla\/wp-json\/wp\/v2\/media?parent=2042"}],"wp:term":[{"taxonomy":"category","embeddable":true,"href":"https:\/\/irla.cat\/casairla\/wp-json\/wp\/v2\/categories?post=2042"},{"taxonomy":"post_tag","embeddable":true,"href":"https:\/\/irla.cat\/casairla\/wp-json\/wp\/v2\/tags?post=2042"}],"curies":[{"name":"wp","href":"https:\/\/api.w.org\/{rel}","templated":true}]}}