{"id":2036,"date":"2023-06-20T08:39:29","date_gmt":"2023-06-20T06:39:29","guid":{"rendered":"https:\/\/irla.cat\/casairla\/?p=2036"},"modified":"2023-06-30T12:05:02","modified_gmt":"2023-06-30T10:05:02","slug":"dissabte-dia-1-de-juliol-ciutada-canalda-de-isidre-grau","status":"publish","type":"post","link":"https:\/\/irla.cat\/casairla\/2023\/06\/20\/dissabte-dia-1-de-juliol-ciutada-canalda-de-isidre-grau\/","title":{"rendered":"Dissabte\u00a0dia 1 de juliol\u00a0&#8220;Ciutad\u00e0 Canalda&#8221; d&#8217;Isidre Grau"},"content":{"rendered":"\n<p>Dissabte 1 de juliol a les 19 h a la Casa Irla presentem el llibre &#8220;Ciutad\u00e0 Canalda&#8221; d&#8217;Isidre Grau.<\/p>\n\n\n\n<p>Abril 2010. El periodista Eloi Boada rep l\u2019enc\u00e0rrec d\u2019una biografia del constructor Rom\u00e0 Canalda, personatge mitificat, clau en el creixement de la ciutat.<\/p>\n\n\n\n<p>Al llarg d\u2019unes setmanes de converses, entren en una relaci\u00f3 cada cop m\u00e9s personal, fins que l\u2019esclat als mitjans de comunicaci\u00f3 d\u2019una trama de corrupci\u00f3 interromp el projecte. Vuit anys despr\u00e9s Eloi Boada decideix escriure tot el que sap de Rom\u00e0 Canalda.<\/p>\n\n\n\n<p>La seva narraci\u00f3 s\u2019endinsa lliurement tant en els diferents episodis del passat com en els enigmes familiars viscuts aquells dies.<\/p>\n\n\n<div class=\"wp-block-image\">\n<figure class=\"aligncenter size-full\"><a href=\"https:\/\/www.tripode.cat\/ciutada-canalda-disidre-grau\/\" target=\"_blank\" rel=\"noreferrer noopener\"><img loading=\"lazy\" decoding=\"async\" width=\"400\" height=\"596\" src=\"https:\/\/irla.cat\/casairla\/wp-content\/uploads\/2023\/06\/Ciutada-Canalda.jpg\" alt=\"\" class=\"wp-image-2037\" srcset=\"https:\/\/irla.cat\/casairla\/wp-content\/uploads\/2023\/06\/Ciutada-Canalda.jpg 400w, https:\/\/irla.cat\/casairla\/wp-content\/uploads\/2023\/06\/Ciutada-Canalda-201x300.jpg 201w\" sizes=\"auto, (max-width: 400px) 100vw, 400px\" \/><\/a><\/figure>\n<\/div>","protected":false},"excerpt":{"rendered":"<p>Dissabte 1 de juliol a les 19 h a la Casa Irla presentem el llibre &#8220;Ciutad\u00e0 Canalda&#8221; de Isidre Grau.<\/p>\n","protected":false},"author":1,"featured_media":2038,"comment_status":"closed","ping_status":"closed","sticky":false,"template":"","format":"standard","meta":{"footnotes":""},"categories":[1],"tags":[],"class_list":["post-2036","post","type-post","status-publish","format-standard","has-post-thumbnail","hentry","category-general"],"_links":{"self":[{"href":"https:\/\/irla.cat\/casairla\/wp-json\/wp\/v2\/posts\/2036","targetHints":{"allow":["GET"]}}],"collection":[{"href":"https:\/\/irla.cat\/casairla\/wp-json\/wp\/v2\/posts"}],"about":[{"href":"https:\/\/irla.cat\/casairla\/wp-json\/wp\/v2\/types\/post"}],"author":[{"embeddable":true,"href":"https:\/\/irla.cat\/casairla\/wp-json\/wp\/v2\/users\/1"}],"replies":[{"embeddable":true,"href":"https:\/\/irla.cat\/casairla\/wp-json\/wp\/v2\/comments?post=2036"}],"version-history":[{"count":2,"href":"https:\/\/irla.cat\/casairla\/wp-json\/wp\/v2\/posts\/2036\/revisions"}],"predecessor-version":[{"id":2041,"href":"https:\/\/irla.cat\/casairla\/wp-json\/wp\/v2\/posts\/2036\/revisions\/2041"}],"wp:featuredmedia":[{"embeddable":true,"href":"https:\/\/irla.cat\/casairla\/wp-json\/wp\/v2\/media\/2038"}],"wp:attachment":[{"href":"https:\/\/irla.cat\/casairla\/wp-json\/wp\/v2\/media?parent=2036"}],"wp:term":[{"taxonomy":"category","embeddable":true,"href":"https:\/\/irla.cat\/casairla\/wp-json\/wp\/v2\/categories?post=2036"},{"taxonomy":"post_tag","embeddable":true,"href":"https:\/\/irla.cat\/casairla\/wp-json\/wp\/v2\/tags?post=2036"}],"curies":[{"name":"wp","href":"https:\/\/api.w.org\/{rel}","templated":true}]}}