{"id":2022,"date":"2023-06-14T17:45:24","date_gmt":"2023-06-14T15:45:24","guid":{"rendered":"https:\/\/irla.cat\/casairla\/?p=2022"},"modified":"2023-06-14T17:54:36","modified_gmt":"2023-06-14T15:54:36","slug":"dissabte-17-37-cartes-i-6-poemes-damor-la-correspondencia-intima-deugeni-gurnes-bou-1939-1943","status":"publish","type":"post","link":"https:\/\/irla.cat\/casairla\/2023\/06\/14\/dissabte-17-37-cartes-i-6-poemes-damor-la-correspondencia-intima-deugeni-gurnes-bou-1939-1943\/","title":{"rendered":"Dissabte 17 de juny presentaci\u00f3 del llibre &#8220;37 cartes i 6 poemes d&#8217;amor&#8221;"},"content":{"rendered":"\n<p>El dissabte 17 a les 19:00 h  presentaci\u00f3 del llibre &#8220;37 cartes i 6 poemes d&#8217;amor. La correspond\u00e8ncia \u00edntima d&#8217;Eugeni Gurn\u00e9s Bou (1939-1943)&#8221; de Pilar Franc\u00e8s.<\/p>\n\n\n\n<p>Federico Garc\u00eda Lorca deia que en la bandera de la llibertat brod\u00e0 l\u2019amor m\u00e9s gran de la seva vida. L\u2019Eugeni Gurn\u00e9s Bou, tamb\u00e9.<\/p>\n\n\n\n<p>Cenetista de convicci\u00f3, quan esclat\u00e0 la Guerra Civil fou membre destacat del Comit\u00e8 Local de Mil\u00edcies Antifeixistes i, un temps despr\u00e9s, alcalde i regidor del consistori llagosterenc per la CNT.<\/p>\n\n\n\n<p>Quan fou cridat a files, marx\u00e0 al front a derrotar el feixisme i, acabada la guerra, a l\u2019exili. Retorn\u00e0 a casa i ho&nbsp; pag\u00e0 car<\/p>\n\n\n\n<p> Dos anys i vuit mesos de captiveri, un judici sumar\u00edssim d\u2019urg\u00e8ncia on l\u2019acusaven de Auxilio a la rebeli\u00f3n i la condemna a la pena m\u00e0xima.<\/p>\n\n\n\n<p>Aquest llibre pret\u00e9n explicar-vos qui era l\u2019Eugeni, un home bo acusat injustament d\u2019uns crims que mai no va cometre i, alhora, retre un sentit homenatge a la seva esposa Carmeta, una de les moltes v\u00eddues dels represaliats que dugueren la negra pena arrapada al cos fins que la mort vingu\u00e9 a buscar-les.<\/p>\n\n\n\n<p>Pilar Franc\u00e8s, guanyadora de la Beca d\u2019Estudis Hist\u00f2rics President Irla 2023.<\/p>\n\n\n<div class=\"wp-block-image\">\n<figure class=\"aligncenter size-large\"><a href=\"https:\/\/pilarfrances.com\/2023\/04\/16\/avui-mes-que-mai\/\" target=\"_blank\" rel=\"noreferrer noopener\"><img loading=\"lazy\" decoding=\"async\" width=\"668\" height=\"1024\" src=\"https:\/\/irla.cat\/casairla\/wp-content\/uploads\/2023\/06\/37-cartes-i-6-poemes-damor-668x1024.jpeg\" alt=\"\" class=\"wp-image-2024\" srcset=\"https:\/\/irla.cat\/casairla\/wp-content\/uploads\/2023\/06\/37-cartes-i-6-poemes-damor-668x1024.jpeg 668w, https:\/\/irla.cat\/casairla\/wp-content\/uploads\/2023\/06\/37-cartes-i-6-poemes-damor-196x300.jpeg 196w, https:\/\/irla.cat\/casairla\/wp-content\/uploads\/2023\/06\/37-cartes-i-6-poemes-damor-768x1178.jpeg 768w, https:\/\/irla.cat\/casairla\/wp-content\/uploads\/2023\/06\/37-cartes-i-6-poemes-damor-1002x1536.jpeg 1002w, https:\/\/irla.cat\/casairla\/wp-content\/uploads\/2023\/06\/37-cartes-i-6-poemes-damor-1336x2048.jpeg 1336w, https:\/\/irla.cat\/casairla\/wp-content\/uploads\/2023\/06\/37-cartes-i-6-poemes-damor-scaled.jpeg 1670w\" sizes=\"auto, (max-width: 668px) 100vw, 668px\" \/><\/a><\/figure>\n<\/div>","protected":false},"excerpt":{"rendered":"<p>El dissabte 17 a les 19:00 h  presentaci\u00f3 del llibre &#8220;37 cartes i 6 poemes d&#8217;amor. La correspond\u00e8ncia \u00edntima d&#8217;Eugeni Gurn\u00e9s Bou&#8221;<\/p>\n","protected":false},"author":1,"featured_media":2023,"comment_status":"closed","ping_status":"closed","sticky":false,"template":"","format":"standard","meta":{"footnotes":""},"categories":[1],"tags":[],"class_list":["post-2022","post","type-post","status-publish","format-standard","has-post-thumbnail","hentry","category-general"],"_links":{"self":[{"href":"https:\/\/irla.cat\/casairla\/wp-json\/wp\/v2\/posts\/2022","targetHints":{"allow":["GET"]}}],"collection":[{"href":"https:\/\/irla.cat\/casairla\/wp-json\/wp\/v2\/posts"}],"about":[{"href":"https:\/\/irla.cat\/casairla\/wp-json\/wp\/v2\/types\/post"}],"author":[{"embeddable":true,"href":"https:\/\/irla.cat\/casairla\/wp-json\/wp\/v2\/users\/1"}],"replies":[{"embeddable":true,"href":"https:\/\/irla.cat\/casairla\/wp-json\/wp\/v2\/comments?post=2022"}],"version-history":[{"count":4,"href":"https:\/\/irla.cat\/casairla\/wp-json\/wp\/v2\/posts\/2022\/revisions"}],"predecessor-version":[{"id":2035,"href":"https:\/\/irla.cat\/casairla\/wp-json\/wp\/v2\/posts\/2022\/revisions\/2035"}],"wp:featuredmedia":[{"embeddable":true,"href":"https:\/\/irla.cat\/casairla\/wp-json\/wp\/v2\/media\/2023"}],"wp:attachment":[{"href":"https:\/\/irla.cat\/casairla\/wp-json\/wp\/v2\/media?parent=2022"}],"wp:term":[{"taxonomy":"category","embeddable":true,"href":"https:\/\/irla.cat\/casairla\/wp-json\/wp\/v2\/categories?post=2022"},{"taxonomy":"post_tag","embeddable":true,"href":"https:\/\/irla.cat\/casairla\/wp-json\/wp\/v2\/tags?post=2022"}],"curies":[{"name":"wp","href":"https:\/\/api.w.org\/{rel}","templated":true}]}}