{"id":202,"date":"2014-02-03T00:52:31","date_gmt":"2014-02-02T23:52:31","guid":{"rendered":"http:\/\/www.irla.cat\/casairla\/?p=202"},"modified":"2017-03-15T00:55:42","modified_gmt":"2017-03-14T23:55:42","slug":"documental-las-tres-vidas-de-pedro-burruezo","status":"publish","type":"post","link":"https:\/\/irla.cat\/casairla\/2014\/02\/03\/documental-las-tres-vidas-de-pedro-burruezo\/","title":{"rendered":"Documental: &#8220;Las tres vidas de Pedro Burruezo&#8221;"},"content":{"rendered":"<p>Dissabte passat es va presentar aquest documental\u00a0 sobre la vida d\u2019aquest m\u00fasic resident \u00a0a Sant Feliu. <!--more-->En el film vam poder veure fragments del concert ofert per\u00a0 Burruezo &amp; Boh\u00e8mia Camerata amb col\u00b7laboraci\u00f3 amb la Coral Cypsella a la sala simf\u00f2nica de l\u2019Auditori de Barcelona.<\/p>\n<p>Despr\u00e9s de la pel\u00b7l\u00edcula es va obrir un debat amb el director Jos\u00e9 L\u00f3pez P\u00e9rez. Es va parlar d\u2019ecologia profunda i de com va sorgir la can\u00e7\u00f3 central del documental, creada per Jovic Sagrist\u00e0, guitarrista de la Bohemia Camerata.<\/p>\n<p>M\u00e9s informaci\u00f3 al web del director del documental: <a href=\"http:\/\/www.nosolocine.net\/en-casa-irla-presentando-las-3-vidas-de-pedro-burruezo\/\" target=\"_blank\">No s\u00f3lo cine<\/a>.<\/p>\n","protected":false},"excerpt":{"rendered":"<p>Dissabte passat es va presentar aquest documental\u00a0 sobre la vida d\u2019aquest m\u00fasic resident \u00a0a Sant Feliu.<\/p>\n","protected":false},"author":1,"featured_media":203,"comment_status":"open","ping_status":"open","sticky":false,"template":"template-centered.php","format":"standard","meta":{"footnotes":""},"categories":[1],"tags":[],"class_list":["post-202","post","type-post","status-publish","format-standard","has-post-thumbnail","hentry","category-general"],"_links":{"self":[{"href":"https:\/\/irla.cat\/casairla\/wp-json\/wp\/v2\/posts\/202","targetHints":{"allow":["GET"]}}],"collection":[{"href":"https:\/\/irla.cat\/casairla\/wp-json\/wp\/v2\/posts"}],"about":[{"href":"https:\/\/irla.cat\/casairla\/wp-json\/wp\/v2\/types\/post"}],"author":[{"embeddable":true,"href":"https:\/\/irla.cat\/casairla\/wp-json\/wp\/v2\/users\/1"}],"replies":[{"embeddable":true,"href":"https:\/\/irla.cat\/casairla\/wp-json\/wp\/v2\/comments?post=202"}],"version-history":[{"count":1,"href":"https:\/\/irla.cat\/casairla\/wp-json\/wp\/v2\/posts\/202\/revisions"}],"predecessor-version":[{"id":204,"href":"https:\/\/irla.cat\/casairla\/wp-json\/wp\/v2\/posts\/202\/revisions\/204"}],"wp:featuredmedia":[{"embeddable":true,"href":"https:\/\/irla.cat\/casairla\/wp-json\/wp\/v2\/media\/203"}],"wp:attachment":[{"href":"https:\/\/irla.cat\/casairla\/wp-json\/wp\/v2\/media?parent=202"}],"wp:term":[{"taxonomy":"category","embeddable":true,"href":"https:\/\/irla.cat\/casairla\/wp-json\/wp\/v2\/categories?post=202"},{"taxonomy":"post_tag","embeddable":true,"href":"https:\/\/irla.cat\/casairla\/wp-json\/wp\/v2\/tags?post=202"}],"curies":[{"name":"wp","href":"https:\/\/api.w.org\/{rel}","templated":true}]}}