{"id":2007,"date":"2023-06-05T07:25:20","date_gmt":"2023-06-05T05:25:20","guid":{"rendered":"https:\/\/irla.cat\/casairla\/?p=2007"},"modified":"2023-06-05T07:25:21","modified_gmt":"2023-06-05T05:25:21","slug":"divendres-9-de-juny-decidir-amb-el-cor-el-cami-de-la-coherencia-amb-cavalls-lliures","status":"publish","type":"post","link":"https:\/\/irla.cat\/casairla\/2023\/06\/05\/divendres-9-de-juny-decidir-amb-el-cor-el-cami-de-la-coherencia-amb-cavalls-lliures\/","title":{"rendered":"Divendres 9 de juny &#8220;Decidir amb el cor. El cam\u00ed de la Coher\u00e8ncia amb cavalls lliures&#8221;"},"content":{"rendered":"\n<p>Divendres 9 de juny a les 19 h estrenem l&#8217;espai\u00a0&#8220;Decidir amb el cor. El cam\u00ed de la Coher\u00e8ncia amb cavalls lliures&#8221;.<\/p>\n\n\n\n<p>Elena Cuesta i Tony Azor\u00edn expliquen qu\u00e8 tenen a veure la coher\u00e8ncia i els cavalls i com poden ajudar-nos a millorar la nostra salut f\u00edsica, mental i emocional?<\/p>\n\n\n\n<p>Explicaran les sves experi\u00e8ncies conscients i aprenentatges de vida amb aquests \u00e9ssers tan especials, que actuen des del sentir m\u00e9s aut\u00e8ntic, reflectint el que hi ha, aqu\u00ed i ara, sense judicis, ni interfer\u00e8ncies.<\/p>\n\n\n\n<p><\/p>\n","protected":false},"excerpt":{"rendered":"<p>Divendres 9 de juny a les 19 h estrenem l&#8217;espai\u00a0&#8220;Decidir amb el cor. El cam\u00ed de la Coher\u00e8ncia amb cavalls lliures&#8221;.<\/p>\n","protected":false},"author":1,"featured_media":2008,"comment_status":"closed","ping_status":"closed","sticky":false,"template":"","format":"standard","meta":{"footnotes":""},"categories":[1],"tags":[],"class_list":["post-2007","post","type-post","status-publish","format-standard","has-post-thumbnail","hentry","category-general"],"_links":{"self":[{"href":"https:\/\/irla.cat\/casairla\/wp-json\/wp\/v2\/posts\/2007","targetHints":{"allow":["GET"]}}],"collection":[{"href":"https:\/\/irla.cat\/casairla\/wp-json\/wp\/v2\/posts"}],"about":[{"href":"https:\/\/irla.cat\/casairla\/wp-json\/wp\/v2\/types\/post"}],"author":[{"embeddable":true,"href":"https:\/\/irla.cat\/casairla\/wp-json\/wp\/v2\/users\/1"}],"replies":[{"embeddable":true,"href":"https:\/\/irla.cat\/casairla\/wp-json\/wp\/v2\/comments?post=2007"}],"version-history":[{"count":1,"href":"https:\/\/irla.cat\/casairla\/wp-json\/wp\/v2\/posts\/2007\/revisions"}],"predecessor-version":[{"id":2009,"href":"https:\/\/irla.cat\/casairla\/wp-json\/wp\/v2\/posts\/2007\/revisions\/2009"}],"wp:featuredmedia":[{"embeddable":true,"href":"https:\/\/irla.cat\/casairla\/wp-json\/wp\/v2\/media\/2008"}],"wp:attachment":[{"href":"https:\/\/irla.cat\/casairla\/wp-json\/wp\/v2\/media?parent=2007"}],"wp:term":[{"taxonomy":"category","embeddable":true,"href":"https:\/\/irla.cat\/casairla\/wp-json\/wp\/v2\/categories?post=2007"},{"taxonomy":"post_tag","embeddable":true,"href":"https:\/\/irla.cat\/casairla\/wp-json\/wp\/v2\/tags?post=2007"}],"curies":[{"name":"wp","href":"https:\/\/api.w.org\/{rel}","templated":true}]}}