{"id":1991,"date":"2023-05-03T08:10:51","date_gmt":"2023-05-03T06:10:51","guid":{"rendered":"https:\/\/irla.cat\/casairla\/?p=1991"},"modified":"2023-05-03T08:10:52","modified_gmt":"2023-05-03T06:10:52","slug":"divendres-5-de-maig-presentacio-i-concert-al-voltant-del-music-eduard-toldra","status":"publish","type":"post","link":"https:\/\/irla.cat\/casairla\/2023\/05\/03\/divendres-5-de-maig-presentacio-i-concert-al-voltant-del-music-eduard-toldra\/","title":{"rendered":"Divendres 5 de maig presentaci\u00f3 i concert al voltant del m\u00fasic Eduard Toldr\u00e0"},"content":{"rendered":"\n<p>Divendres 5 de maig a les 19 h presentaci\u00f3 i concert al voltant del m\u00fasic i compositor Eduard Toldr\u00e0 amb l&#8217;actuaci\u00f3 de Tina Gorina, soprano i Stanislav Angelov, piano.<\/p>\n\n\n\n<p>Presentaci\u00f3 dels llibres &#8220;Eduard Toldr\u00e0, m\u00fasic\u2026i m\u00e9s. Una miscel\u00b7l\u00e0nia&#8221;, &#8220;Giravoltant al maig. Correspond\u00e8ncia entre Eduard Toldr\u00e0, Manuel Clausells i Josep Carner&#8221; i &#8220;Festeig. Toldr\u00e0 enamorat i Capdevila tamb\u00e9&#8221; de Manuel Capdevila i Font.<br><\/p>\n","protected":false},"excerpt":{"rendered":"<p>Divendres 5 de maig a les 19 h presentaci\u00f3 i concert al voltant del m\u00fasic i compositor Eduard Toldr\u00e0.<\/p>\n","protected":false},"author":1,"featured_media":1992,"comment_status":"closed","ping_status":"closed","sticky":false,"template":"","format":"standard","meta":{"footnotes":""},"categories":[1],"tags":[],"class_list":["post-1991","post","type-post","status-publish","format-standard","has-post-thumbnail","hentry","category-general"],"_links":{"self":[{"href":"https:\/\/irla.cat\/casairla\/wp-json\/wp\/v2\/posts\/1991","targetHints":{"allow":["GET"]}}],"collection":[{"href":"https:\/\/irla.cat\/casairla\/wp-json\/wp\/v2\/posts"}],"about":[{"href":"https:\/\/irla.cat\/casairla\/wp-json\/wp\/v2\/types\/post"}],"author":[{"embeddable":true,"href":"https:\/\/irla.cat\/casairla\/wp-json\/wp\/v2\/users\/1"}],"replies":[{"embeddable":true,"href":"https:\/\/irla.cat\/casairla\/wp-json\/wp\/v2\/comments?post=1991"}],"version-history":[{"count":1,"href":"https:\/\/irla.cat\/casairla\/wp-json\/wp\/v2\/posts\/1991\/revisions"}],"predecessor-version":[{"id":1993,"href":"https:\/\/irla.cat\/casairla\/wp-json\/wp\/v2\/posts\/1991\/revisions\/1993"}],"wp:featuredmedia":[{"embeddable":true,"href":"https:\/\/irla.cat\/casairla\/wp-json\/wp\/v2\/media\/1992"}],"wp:attachment":[{"href":"https:\/\/irla.cat\/casairla\/wp-json\/wp\/v2\/media?parent=1991"}],"wp:term":[{"taxonomy":"category","embeddable":true,"href":"https:\/\/irla.cat\/casairla\/wp-json\/wp\/v2\/categories?post=1991"},{"taxonomy":"post_tag","embeddable":true,"href":"https:\/\/irla.cat\/casairla\/wp-json\/wp\/v2\/tags?post=1991"}],"curies":[{"name":"wp","href":"https:\/\/api.w.org\/{rel}","templated":true}]}}