{"id":1988,"date":"2023-05-02T08:02:05","date_gmt":"2023-05-02T06:02:05","guid":{"rendered":"https:\/\/irla.cat\/casairla\/?p=1988"},"modified":"2023-05-03T08:05:36","modified_gmt":"2023-05-03T06:05:36","slug":"dijous-4-de-maig-a-les-21-h-concert-amb-sabrina-banfi-friends","status":"publish","type":"post","link":"https:\/\/irla.cat\/casairla\/2023\/05\/02\/dijous-4-de-maig-a-les-21-h-concert-amb-sabrina-banfi-friends\/","title":{"rendered":"Dijous 4 de maig a les 21 h concert amb &#8220;Sabrina Banfi &amp; Friends&#8221;"},"content":{"rendered":"\n<p>Dijous 4 de maig a les 21:00 h amb Nit de folclore argent\u00ed i llatino-americ\u00e0 amb el concert de &#8220;Sabrina Banfi &amp; Friends&#8221;.<\/p>\n\n\n\n<p> M\u00fasics convidats: Gringo Polidori, Lucrecia Carrizo, Oscar Segura,Rober S\u00e1nchez, S\u00e8 Andujar, Luis Ferreyra, NIco Aiziczon.<br><\/p>\n\n\n\n<p>Podeu reservar taula trucant al tel. 688.421.157.<\/p>\n\n\n\n<p>Concert gratu\u00eft.<\/p>\n","protected":false},"excerpt":{"rendered":"<p>Dijous 4 de maig a les 21:00 h amb Nit de folclore argent\u00ed i llatino-americ\u00e0 amb el concert de &#8220;Sabrina Banfi &#038; Friends&#8221;.<\/p>\n","protected":false},"author":1,"featured_media":1989,"comment_status":"closed","ping_status":"closed","sticky":false,"template":"","format":"standard","meta":{"footnotes":""},"categories":[1],"tags":[],"class_list":["post-1988","post","type-post","status-publish","format-standard","has-post-thumbnail","hentry","category-general"],"_links":{"self":[{"href":"https:\/\/irla.cat\/casairla\/wp-json\/wp\/v2\/posts\/1988","targetHints":{"allow":["GET"]}}],"collection":[{"href":"https:\/\/irla.cat\/casairla\/wp-json\/wp\/v2\/posts"}],"about":[{"href":"https:\/\/irla.cat\/casairla\/wp-json\/wp\/v2\/types\/post"}],"author":[{"embeddable":true,"href":"https:\/\/irla.cat\/casairla\/wp-json\/wp\/v2\/users\/1"}],"replies":[{"embeddable":true,"href":"https:\/\/irla.cat\/casairla\/wp-json\/wp\/v2\/comments?post=1988"}],"version-history":[{"count":1,"href":"https:\/\/irla.cat\/casairla\/wp-json\/wp\/v2\/posts\/1988\/revisions"}],"predecessor-version":[{"id":1990,"href":"https:\/\/irla.cat\/casairla\/wp-json\/wp\/v2\/posts\/1988\/revisions\/1990"}],"wp:featuredmedia":[{"embeddable":true,"href":"https:\/\/irla.cat\/casairla\/wp-json\/wp\/v2\/media\/1989"}],"wp:attachment":[{"href":"https:\/\/irla.cat\/casairla\/wp-json\/wp\/v2\/media?parent=1988"}],"wp:term":[{"taxonomy":"category","embeddable":true,"href":"https:\/\/irla.cat\/casairla\/wp-json\/wp\/v2\/categories?post=1988"},{"taxonomy":"post_tag","embeddable":true,"href":"https:\/\/irla.cat\/casairla\/wp-json\/wp\/v2\/tags?post=1988"}],"curies":[{"name":"wp","href":"https:\/\/api.w.org\/{rel}","templated":true}]}}