{"id":1980,"date":"2023-04-26T09:00:00","date_gmt":"2023-04-26T07:00:00","guid":{"rendered":"https:\/\/irla.cat\/casairla\/?p=1980"},"modified":"2023-04-26T00:26:07","modified_gmt":"2023-04-25T22:26:07","slug":"diumenge-30-dabril-a-les-1230-h-concert-acustic-amb-santiso","status":"publish","type":"post","link":"https:\/\/irla.cat\/casairla\/2023\/04\/26\/diumenge-30-dabril-a-les-1230-h-concert-acustic-amb-santiso\/","title":{"rendered":"Diumenge 30 d&#8217;abril a les 12:30 h concert ac\u00fastic amb &#8220;Santiso&#8221;"},"content":{"rendered":"\n<p>En el Bar Casa Irla podrem gaudir del concert del cantautor Santiso. L&#8217;entrada pel concert ser\u00e0 gratu\u00efta.<\/p>\n\n\n\n<p>M\u00fasic i compositor, ha publicat tres discos, sempre buscant expressar-se des de la sinceritat. Sense ganes de classificar-se, viatja de les guitarres ac\u00fastiques a l&#8217;electr\u00f2nica, cercant m\u00e9s enll\u00e0 a trav\u00e9s de l&#8217;expressi\u00f3.<\/p>\n\n\n\n<p>Tamb\u00e9 \u00e9s un enamorat de les m\u00fasiques del mediterrani, presentant les seves sessions com a Dj Falugues, nedant entre tots els estils, sense censura, a trav\u00e9s de lleng\u00fces germanes, com el catal\u00e0, castell\u00e0, berber, \u00e0rab, hebreu, turc, grec, alban\u00e8s, croat, itali\u00e0, occit\u00e0, franc\u00e8s, malt\u00e8s, etc.<\/p>\n\n\n<div class=\"wp-block-image\">\n<figure class=\"aligncenter size-large\"><a href=\"https:\/\/www.youtube.com\/watch?v=VKguPzp1mR0\" target=\"_blank\" rel=\"noreferrer noopener\"><img loading=\"lazy\" decoding=\"async\" width=\"713\" height=\"1024\" src=\"https:\/\/irla.cat\/casairla\/wp-content\/uploads\/2023\/04\/Santiso-Cartell-713x1024.jpeg\" alt=\"\" class=\"wp-image-1982\" srcset=\"https:\/\/irla.cat\/casairla\/wp-content\/uploads\/2023\/04\/Santiso-Cartell-713x1024.jpeg 713w, https:\/\/irla.cat\/casairla\/wp-content\/uploads\/2023\/04\/Santiso-Cartell-209x300.jpeg 209w, https:\/\/irla.cat\/casairla\/wp-content\/uploads\/2023\/04\/Santiso-Cartell-768x1102.jpeg 768w, https:\/\/irla.cat\/casairla\/wp-content\/uploads\/2023\/04\/Santiso-Cartell-1070x1536.jpeg 1070w, https:\/\/irla.cat\/casairla\/wp-content\/uploads\/2023\/04\/Santiso-Cartell.jpeg 1080w\" sizes=\"auto, (max-width: 713px) 100vw, 713px\" \/><\/a><\/figure>\n<\/div>","protected":false},"excerpt":{"rendered":"<p>En el Bar Casa Irla podrem gaudir del concert del cantautor Santiso. L&#8217;entrada pel concert ser\u00e0 gratu\u00efta.<\/p>\n","protected":false},"author":1,"featured_media":1981,"comment_status":"closed","ping_status":"closed","sticky":false,"template":"","format":"standard","meta":{"footnotes":""},"categories":[1],"tags":[],"class_list":["post-1980","post","type-post","status-publish","format-standard","has-post-thumbnail","hentry","category-general"],"_links":{"self":[{"href":"https:\/\/irla.cat\/casairla\/wp-json\/wp\/v2\/posts\/1980","targetHints":{"allow":["GET"]}}],"collection":[{"href":"https:\/\/irla.cat\/casairla\/wp-json\/wp\/v2\/posts"}],"about":[{"href":"https:\/\/irla.cat\/casairla\/wp-json\/wp\/v2\/types\/post"}],"author":[{"embeddable":true,"href":"https:\/\/irla.cat\/casairla\/wp-json\/wp\/v2\/users\/1"}],"replies":[{"embeddable":true,"href":"https:\/\/irla.cat\/casairla\/wp-json\/wp\/v2\/comments?post=1980"}],"version-history":[{"count":3,"href":"https:\/\/irla.cat\/casairla\/wp-json\/wp\/v2\/posts\/1980\/revisions"}],"predecessor-version":[{"id":1986,"href":"https:\/\/irla.cat\/casairla\/wp-json\/wp\/v2\/posts\/1980\/revisions\/1986"}],"wp:featuredmedia":[{"embeddable":true,"href":"https:\/\/irla.cat\/casairla\/wp-json\/wp\/v2\/media\/1981"}],"wp:attachment":[{"href":"https:\/\/irla.cat\/casairla\/wp-json\/wp\/v2\/media?parent=1980"}],"wp:term":[{"taxonomy":"category","embeddable":true,"href":"https:\/\/irla.cat\/casairla\/wp-json\/wp\/v2\/categories?post=1980"},{"taxonomy":"post_tag","embeddable":true,"href":"https:\/\/irla.cat\/casairla\/wp-json\/wp\/v2\/tags?post=1980"}],"curies":[{"name":"wp","href":"https:\/\/api.w.org\/{rel}","templated":true}]}}