{"id":1976,"date":"2023-04-24T10:00:00","date_gmt":"2023-04-24T08:00:00","guid":{"rendered":"https:\/\/irla.cat\/casairla\/?p=1976"},"modified":"2023-04-26T00:18:14","modified_gmt":"2023-04-25T22:18:14","slug":"dissabte-29-dabril-a-les-19-h-presentacio-del-llibre-pipinxo-un-bolet-com-qualsevol-altre","status":"publish","type":"post","link":"https:\/\/irla.cat\/casairla\/2023\/04\/24\/dissabte-29-dabril-a-les-19-h-presentacio-del-llibre-pipinxo-un-bolet-com-qualsevol-altre\/","title":{"rendered":"Dissabte 29 d&#8217;abril a les 19 h presentaci\u00f3 del llibre &#8220;Pipinx\u00f3. Un bolet com qualsevol altre&#8221;"},"content":{"rendered":"\n<p>&#8220;Pipinx\u00f3. Un bolet com qualsevol altre&#8221; escrit per Sergi Nogu\u00e9s i Paula Molas, \u00e9s un llibre molt especial per a nens i pares.<\/p>\n\n\n\n<p>Un conte sobre la discapacitat infantil i, el m\u00e9s important, sobre l\u2019amistat i el companyerisme per ajudar a alg\u00fa que t\u00e9 dificultats, per\u00f2 no impossibilitats<\/p>\n\n\n\n<p><strong>Sergi, per qu\u00e8 no expliques el perqu\u00e8 del conte?<br><\/strong>Des que els meus fills petits, en Lluc i en Pol, van comen\u00e7ar a dir coses, vaig comen\u00e7ar a anotar al m\u00f2bil com deien les seves primeres paraules i, el m\u00e9s important, el significat de cadascuna d\u2019elles. Ho feien a la seva manera, i el temps ja s&#8217;encarregaria d\u2019anar-ho polint.<\/p>\n\n\n\n<p>Pipinx\u00f3 \u00e9s la manera com va dir per primera vegada, en Pol, xampiny\u00f3. I com que a mi ja feia temps que em rondava pel cap explicar alguna hist\u00f2ria que expliqu\u00e9s la discapacitat infantil, o de forma espec\u00edfica la pluridiscapacitat, em va semblar que Pipinx\u00f3 podia ser el nom d\u2019un personatge a partir del qual explicar-ho a trav\u00e9s d\u2019un conte.<\/p>\n\n\n\n<p>Tot aquest reguitzell de coses que tenia al cap van agafar forma al llarg del confinament, ja que de forma obligada vam haver de tenir temps lliure. Aix\u00ed doncs, aquesta hist\u00f2ria es va escriure al llarg dels mesos de mar\u00e7, abril i maig del 2020, a la terrassa de Can Palau, a La Garriga, despr\u00e9s de dinar, amb l\u2019escalfor del sol a la cara.<\/p>\n\n\n\n<p>Per\u00f2 s\u2019havia d\u2019il\u00b7lustrar, i la Paula va apar\u00e8ixer a les nostres vides el setembre del 2020.<\/p>\n\n\n\n<p><strong>Paula, perqu\u00e8 et vas embrancar amb aquest projecte?<br><\/strong>\u201cLa vida va fer que en Sergi i jo coincidim quan cuidava algunes tardes als seus fills. Un dia em va proposar il\u00b7lustrar un conte que tenia escrit, i tot va encaixar.<\/p>\n\n\n\n<p>Il\u00b7lustrar ha estat sempre, per mi, una manera de crear nous mons i hist\u00f2ries, connectant amb les persones i apropant nous relats i perspectives.<\/p>\n\n\n\n<p>Aquest projecte va ser tot un repte, i estem molt orgullosos de tot el recorregut que est\u00e0 tenint!\u201d<\/p>\n\n\n<div class=\"wp-block-image\">\n<figure class=\"aligncenter size-large\"><a href=\"https:\/\/edita.cat\/projects\/pipinxo\/\" target=\"_blank\" rel=\"noreferrer noopener\"><img loading=\"lazy\" decoding=\"async\" width=\"1003\" height=\"1024\" src=\"https:\/\/irla.cat\/casairla\/wp-content\/uploads\/2023\/04\/Portada-Pipinxo-1003x1024.jpeg\" alt=\"\" class=\"wp-image-1978\" srcset=\"https:\/\/irla.cat\/casairla\/wp-content\/uploads\/2023\/04\/Portada-Pipinxo-1003x1024.jpeg 1003w, https:\/\/irla.cat\/casairla\/wp-content\/uploads\/2023\/04\/Portada-Pipinxo-294x300.jpeg 294w, https:\/\/irla.cat\/casairla\/wp-content\/uploads\/2023\/04\/Portada-Pipinxo-768x784.jpeg 768w, https:\/\/irla.cat\/casairla\/wp-content\/uploads\/2023\/04\/Portada-Pipinxo-1505x1536.jpeg 1505w, https:\/\/irla.cat\/casairla\/wp-content\/uploads\/2023\/04\/Portada-Pipinxo-2006x2048.jpeg 2006w\" sizes=\"auto, (max-width: 1003px) 100vw, 1003px\" \/><\/a><\/figure>\n<\/div>","protected":false},"excerpt":{"rendered":"<p>&#8220;Pipinx\u00f3. Un bolet com qualsevol altre&#8221; escrit per Sergi Nogu\u00e9s i Paula Molas, \u00e9s un llibre molt especial per a nens i pares.<\/p>\n","protected":false},"author":1,"featured_media":1977,"comment_status":"closed","ping_status":"closed","sticky":false,"template":"","format":"standard","meta":{"footnotes":""},"categories":[1],"tags":[],"class_list":["post-1976","post","type-post","status-publish","format-standard","has-post-thumbnail","hentry","category-general"],"_links":{"self":[{"href":"https:\/\/irla.cat\/casairla\/wp-json\/wp\/v2\/posts\/1976","targetHints":{"allow":["GET"]}}],"collection":[{"href":"https:\/\/irla.cat\/casairla\/wp-json\/wp\/v2\/posts"}],"about":[{"href":"https:\/\/irla.cat\/casairla\/wp-json\/wp\/v2\/types\/post"}],"author":[{"embeddable":true,"href":"https:\/\/irla.cat\/casairla\/wp-json\/wp\/v2\/users\/1"}],"replies":[{"embeddable":true,"href":"https:\/\/irla.cat\/casairla\/wp-json\/wp\/v2\/comments?post=1976"}],"version-history":[{"count":1,"href":"https:\/\/irla.cat\/casairla\/wp-json\/wp\/v2\/posts\/1976\/revisions"}],"predecessor-version":[{"id":1979,"href":"https:\/\/irla.cat\/casairla\/wp-json\/wp\/v2\/posts\/1976\/revisions\/1979"}],"wp:featuredmedia":[{"embeddable":true,"href":"https:\/\/irla.cat\/casairla\/wp-json\/wp\/v2\/media\/1977"}],"wp:attachment":[{"href":"https:\/\/irla.cat\/casairla\/wp-json\/wp\/v2\/media?parent=1976"}],"wp:term":[{"taxonomy":"category","embeddable":true,"href":"https:\/\/irla.cat\/casairla\/wp-json\/wp\/v2\/categories?post=1976"},{"taxonomy":"post_tag","embeddable":true,"href":"https:\/\/irla.cat\/casairla\/wp-json\/wp\/v2\/tags?post=1976"}],"curies":[{"name":"wp","href":"https:\/\/api.w.org\/{rel}","templated":true}]}}