{"id":1963,"date":"2023-04-07T08:17:18","date_gmt":"2023-04-07T06:17:18","guid":{"rendered":"https:\/\/irla.cat\/casairla\/?p=1963"},"modified":"2023-04-11T08:24:06","modified_gmt":"2023-04-11T06:24:06","slug":"dijous-13-dabril-concert-al-bar-casa-irla-amb-the-dirty-reelers","status":"publish","type":"post","link":"https:\/\/irla.cat\/casairla\/2023\/04\/07\/dijous-13-dabril-concert-al-bar-casa-irla-amb-the-dirty-reelers\/","title":{"rendered":"Dijous 13 d&#8217;abril\u00a0concert al Bar Casa Irla amb &#8220;The Dirty Reelers&#8221;"},"content":{"rendered":"\n<p>La banda de folk irland\u00e8s &#8220;The Dirty Reelers&#8221; actuaran el dijous 13 d&#8217;abril a les 21 h en el Bar de la Casa Irla.<\/p>\n\n\n\n<p>L&#8217;entrada ser\u00e0 gratu\u00efta amb donaci\u00f3 volunt\u00e0ria<\/p>\n\n\n<div class=\"wp-block-image\">\n<figure class=\"aligncenter size-large\"><img loading=\"lazy\" decoding=\"async\" width=\"714\" height=\"1024\" src=\"https:\/\/irla.cat\/casairla\/wp-content\/uploads\/2023\/04\/Cartell-concert-The-Dirty-Reelers-714x1024.jpeg\" alt=\"\" class=\"wp-image-1965\" srcset=\"https:\/\/irla.cat\/casairla\/wp-content\/uploads\/2023\/04\/Cartell-concert-The-Dirty-Reelers-714x1024.jpeg 714w, https:\/\/irla.cat\/casairla\/wp-content\/uploads\/2023\/04\/Cartell-concert-The-Dirty-Reelers-209x300.jpeg 209w, https:\/\/irla.cat\/casairla\/wp-content\/uploads\/2023\/04\/Cartell-concert-The-Dirty-Reelers-768x1102.jpeg 768w, https:\/\/irla.cat\/casairla\/wp-content\/uploads\/2023\/04\/Cartell-concert-The-Dirty-Reelers-1070x1536.jpeg 1070w, https:\/\/irla.cat\/casairla\/wp-content\/uploads\/2023\/04\/Cartell-concert-The-Dirty-Reelers.jpeg 1115w\" sizes=\"auto, (max-width: 714px) 100vw, 714px\" \/><\/figure>\n<\/div>","protected":false},"excerpt":{"rendered":"<p>La banda de folk irland\u00e8s &#8220;The Dirty Reelers&#8221; actuaran el dijous 13 d&#8217;abril a les 21 h en el Bar de la Casa Irla.<\/p>\n","protected":false},"author":1,"featured_media":1964,"comment_status":"closed","ping_status":"closed","sticky":false,"template":"","format":"standard","meta":{"footnotes":""},"categories":[1],"tags":[],"class_list":["post-1963","post","type-post","status-publish","format-standard","has-post-thumbnail","hentry","category-general"],"_links":{"self":[{"href":"https:\/\/irla.cat\/casairla\/wp-json\/wp\/v2\/posts\/1963","targetHints":{"allow":["GET"]}}],"collection":[{"href":"https:\/\/irla.cat\/casairla\/wp-json\/wp\/v2\/posts"}],"about":[{"href":"https:\/\/irla.cat\/casairla\/wp-json\/wp\/v2\/types\/post"}],"author":[{"embeddable":true,"href":"https:\/\/irla.cat\/casairla\/wp-json\/wp\/v2\/users\/1"}],"replies":[{"embeddable":true,"href":"https:\/\/irla.cat\/casairla\/wp-json\/wp\/v2\/comments?post=1963"}],"version-history":[{"count":1,"href":"https:\/\/irla.cat\/casairla\/wp-json\/wp\/v2\/posts\/1963\/revisions"}],"predecessor-version":[{"id":1966,"href":"https:\/\/irla.cat\/casairla\/wp-json\/wp\/v2\/posts\/1963\/revisions\/1966"}],"wp:featuredmedia":[{"embeddable":true,"href":"https:\/\/irla.cat\/casairla\/wp-json\/wp\/v2\/media\/1964"}],"wp:attachment":[{"href":"https:\/\/irla.cat\/casairla\/wp-json\/wp\/v2\/media?parent=1963"}],"wp:term":[{"taxonomy":"category","embeddable":true,"href":"https:\/\/irla.cat\/casairla\/wp-json\/wp\/v2\/categories?post=1963"},{"taxonomy":"post_tag","embeddable":true,"href":"https:\/\/irla.cat\/casairla\/wp-json\/wp\/v2\/tags?post=1963"}],"curies":[{"name":"wp","href":"https:\/\/api.w.org\/{rel}","templated":true}]}}