{"id":1957,"date":"2023-03-28T08:45:58","date_gmt":"2023-03-28T06:45:58","guid":{"rendered":"https:\/\/irla.cat\/casairla\/?p=1957"},"modified":"2023-03-29T08:49:20","modified_gmt":"2023-03-29T06:49:20","slug":"dissabte-1-dabril-a-les-19-h-inaugurem-lexposicio-visio-i-consciencia-de-matt-denegrevaught","status":"publish","type":"post","link":"https:\/\/irla.cat\/casairla\/2023\/03\/28\/dissabte-1-dabril-a-les-19-h-inaugurem-lexposicio-visio-i-consciencia-de-matt-denegrevaught\/","title":{"rendered":"Dissabte 1 d&#8217;abril a les 19 h inaugurem l&#8217;exposici\u00f3 &#8220;Visi\u00f3 i consci\u00e8ncia&#8221;"},"content":{"rendered":"\n<p>Podeu veure l&#8217;exposici\u00f3 &#8220;Visi\u00f3 i consci\u00e8ncia&#8221; de Matt Denegrevaught de l&#8217;1 d&#8217;abril fins al 28 de maig a la Casa Irla de Sant Feliu de Gu\u00edxols<\/p>\n\n\n\n<p>A trav\u00e9s d\u2019aquesta exposici\u00f3 ens endinsem en el m\u00f3n que s\u2019obre davant de nosaltres quan tanquem els ulls, deixant anar el marc de la mirada per donar pas a la visi\u00f3 de la nostra consci\u00e8ncia, transcendint la forma i arribant a l\u2019ess\u00e8ncia del que s\u2019observa.<\/p>\n","protected":false},"excerpt":{"rendered":"<p>Podeu veure l&#8217;exposici\u00f3 &#8220;Visi\u00f3 i consci\u00e8ncia&#8221; de Matt Denegrevaught de l&#8217;1 d&#8217;abril fins al 28 de maig a la Casa<\/p>\n","protected":false},"author":1,"featured_media":1958,"comment_status":"closed","ping_status":"closed","sticky":false,"template":"","format":"standard","meta":{"footnotes":""},"categories":[1],"tags":[],"class_list":["post-1957","post","type-post","status-publish","format-standard","has-post-thumbnail","hentry","category-general"],"_links":{"self":[{"href":"https:\/\/irla.cat\/casairla\/wp-json\/wp\/v2\/posts\/1957","targetHints":{"allow":["GET"]}}],"collection":[{"href":"https:\/\/irla.cat\/casairla\/wp-json\/wp\/v2\/posts"}],"about":[{"href":"https:\/\/irla.cat\/casairla\/wp-json\/wp\/v2\/types\/post"}],"author":[{"embeddable":true,"href":"https:\/\/irla.cat\/casairla\/wp-json\/wp\/v2\/users\/1"}],"replies":[{"embeddable":true,"href":"https:\/\/irla.cat\/casairla\/wp-json\/wp\/v2\/comments?post=1957"}],"version-history":[{"count":2,"href":"https:\/\/irla.cat\/casairla\/wp-json\/wp\/v2\/posts\/1957\/revisions"}],"predecessor-version":[{"id":1960,"href":"https:\/\/irla.cat\/casairla\/wp-json\/wp\/v2\/posts\/1957\/revisions\/1960"}],"wp:featuredmedia":[{"embeddable":true,"href":"https:\/\/irla.cat\/casairla\/wp-json\/wp\/v2\/media\/1958"}],"wp:attachment":[{"href":"https:\/\/irla.cat\/casairla\/wp-json\/wp\/v2\/media?parent=1957"}],"wp:term":[{"taxonomy":"category","embeddable":true,"href":"https:\/\/irla.cat\/casairla\/wp-json\/wp\/v2\/categories?post=1957"},{"taxonomy":"post_tag","embeddable":true,"href":"https:\/\/irla.cat\/casairla\/wp-json\/wp\/v2\/tags?post=1957"}],"curies":[{"name":"wp","href":"https:\/\/api.w.org\/{rel}","templated":true}]}}