{"id":1950,"date":"2023-03-21T08:04:36","date_gmt":"2023-03-21T07:04:36","guid":{"rendered":"https:\/\/irla.cat\/casairla\/?p=1950"},"modified":"2023-03-21T08:05:08","modified_gmt":"2023-03-21T07:05:08","slug":"dissabte-25-de-marc-a-les-1930-h-presentem-el-llibre-qui-va-matar-lhelena-jubany-de-yago-garcia-zamora","status":"publish","type":"post","link":"https:\/\/irla.cat\/casairla\/2023\/03\/21\/dissabte-25-de-marc-a-les-1930-h-presentem-el-llibre-qui-va-matar-lhelena-jubany-de-yago-garcia-zamora\/","title":{"rendered":"Dissabte 25 de mar\u00e7 a les 19:30 h\u00a0&#8220;Qui va matar l&#8217;Helena Jubany?&#8221; de Yago Garc\u00eda"},"content":{"rendered":"\n<p>El periodista Yago Garc\u00eda, aporta documentaci\u00f3 in\u00e8dita i noves claus d&#8217;interpretaci\u00f3 sobre un crim i una instrucci\u00f3 que han consternat l&#8217;opini\u00f3 p\u00fablica.<\/p>\n\n\n\n<p>L&#8217;1 de desembre del 2001, Helena Jubany va apar\u00e8ixer morta en un pati de Sabadell. L&#8217;havien llen\u00e7at al buit des d&#8217;una terrassa, despullada, cremada i amb una quantitat ingent de benzodiazepines a l&#8217;organisme. Setmanes abans havia rebut dos escrits an\u00f2nims acompanyats de begudes adulterades amb la mateixa subst\u00e0ncia. <\/p>\n\n\n\n<p>Yago Garc\u00eda Zamora \u00e9s graduat en Periodisme i m\u00e0ster en Periodisme Literari per la Universitat Aut\u00f2noma de Barcelona. <\/p>\n\n\n\n<p>Ha publicat cr\u00f2niques i reportatges en diversos mitjans, i el seu treball Un sueldo para Mr. Burns va rebre la menci\u00f3 especial del jurat del Premi de Periodisme Literari organitzat per la UAB i Angle Editorial. Des del 2016 ha investigat el cas Jubany i Careta amb la complicitat de les fam\u00edlies i ha tingut acc\u00e9s privilegiat a documentaci\u00f3 i fonts in\u00e8dites.<\/p>\n\n\n\n<p>Ha participat a Crims, Equipo de investigaci\u00f3n, En el punto de mira com a m\u00e0xim expert en el cas.<\/p>\n\n\n\n<figure class=\"wp-block-image size-large\"><a href=\"https:\/\/www.arallibres.cat\/cataleg\/qui-va-matar-lhelena-jubany\/\" target=\"_blank\" rel=\"noreferrer noopener\"><img loading=\"lazy\" decoding=\"async\" width=\"671\" height=\"1024\" src=\"https:\/\/irla.cat\/casairla\/wp-content\/uploads\/2023\/03\/Qui-va-matar-lHelena-Jubany-671x1024.jpeg\" alt=\"\" class=\"wp-image-1952\" srcset=\"https:\/\/irla.cat\/casairla\/wp-content\/uploads\/2023\/03\/Qui-va-matar-lHelena-Jubany-671x1024.jpeg 671w, https:\/\/irla.cat\/casairla\/wp-content\/uploads\/2023\/03\/Qui-va-matar-lHelena-Jubany-197x300.jpeg 197w, https:\/\/irla.cat\/casairla\/wp-content\/uploads\/2023\/03\/Qui-va-matar-lHelena-Jubany-768x1173.jpeg 768w, https:\/\/irla.cat\/casairla\/wp-content\/uploads\/2023\/03\/Qui-va-matar-lHelena-Jubany.jpeg 786w\" sizes=\"auto, (max-width: 671px) 100vw, 671px\" \/><\/a><\/figure>\n","protected":false},"excerpt":{"rendered":"<p>El periodista Yago Garc\u00eda, aporta documentaci\u00f3 in\u00e8dita i noves claus d&#8217;interpretaci\u00f3 sobre un crim i una instrucci\u00f3 que han consternat l&#8217;opini\u00f3 p\u00fablica.<\/p>\n","protected":false},"author":1,"featured_media":1951,"comment_status":"closed","ping_status":"closed","sticky":false,"template":"","format":"standard","meta":{"footnotes":""},"categories":[1],"tags":[],"class_list":["post-1950","post","type-post","status-publish","format-standard","has-post-thumbnail","hentry","category-general"],"_links":{"self":[{"href":"https:\/\/irla.cat\/casairla\/wp-json\/wp\/v2\/posts\/1950","targetHints":{"allow":["GET"]}}],"collection":[{"href":"https:\/\/irla.cat\/casairla\/wp-json\/wp\/v2\/posts"}],"about":[{"href":"https:\/\/irla.cat\/casairla\/wp-json\/wp\/v2\/types\/post"}],"author":[{"embeddable":true,"href":"https:\/\/irla.cat\/casairla\/wp-json\/wp\/v2\/users\/1"}],"replies":[{"embeddable":true,"href":"https:\/\/irla.cat\/casairla\/wp-json\/wp\/v2\/comments?post=1950"}],"version-history":[{"count":3,"href":"https:\/\/irla.cat\/casairla\/wp-json\/wp\/v2\/posts\/1950\/revisions"}],"predecessor-version":[{"id":1955,"href":"https:\/\/irla.cat\/casairla\/wp-json\/wp\/v2\/posts\/1950\/revisions\/1955"}],"wp:featuredmedia":[{"embeddable":true,"href":"https:\/\/irla.cat\/casairla\/wp-json\/wp\/v2\/media\/1951"}],"wp:attachment":[{"href":"https:\/\/irla.cat\/casairla\/wp-json\/wp\/v2\/media?parent=1950"}],"wp:term":[{"taxonomy":"category","embeddable":true,"href":"https:\/\/irla.cat\/casairla\/wp-json\/wp\/v2\/categories?post=1950"},{"taxonomy":"post_tag","embeddable":true,"href":"https:\/\/irla.cat\/casairla\/wp-json\/wp\/v2\/tags?post=1950"}],"curies":[{"name":"wp","href":"https:\/\/api.w.org\/{rel}","templated":true}]}}