{"id":1939,"date":"2023-03-01T11:18:38","date_gmt":"2023-03-01T10:18:38","guid":{"rendered":"https:\/\/irla.cat\/casairla\/?p=1939"},"modified":"2023-03-01T11:18:39","modified_gmt":"2023-03-01T10:18:39","slug":"dissabte-4-de-marc-marti-gironell-torna-a-la-casa-irla-a-presentar-el-fabricant-de-records","status":"publish","type":"post","link":"https:\/\/irla.cat\/casairla\/2023\/03\/01\/dissabte-4-de-marc-marti-gironell-torna-a-la-casa-irla-a-presentar-el-fabricant-de-records\/","title":{"rendered":"Dissabte 4 de mar\u00e7 Mart\u00ed Gironell torna a la Casa Irla a presentar &#8220;El fabricant de records&#8221;"},"content":{"rendered":"\n<p>El Premi Prudenci Bertrana 2022 Mart\u00ed Gironell, presentar\u00e0 &#8220;El fabricant de records&#8221; dissabte 4 de mar\u00e7 a les 19 h a la Casa Irla.<\/p>\n\n\n\n<p>El doctor Masgrau, director del Centre de Recerca i Difusi\u00f3 de la Imatge de Girona, rep una visita inesperada que du una capsa de fotografies antigues.<\/p>\n\n\n\n<p>Es tracta d&#8217;imatges in\u00e8dites i compromeses d\u2019en Valent\u00ed Fargnoli, un fot\u00f2graf ambulant d\u2019origen itali\u00e0 que a principis del segle passat va arrelar a Girona. Eren els seus grans secrets. Qui era aquest fot\u00f2graf singular? Com va poder obtenir fotografies tan compromeses?<\/p>\n\n\n\n<p>En les primeres d\u00e8cades del segle XX, carregant el tr\u00edpode i la c\u00e0mera rudiment\u00e0ria amb la seva bicicleta, en Fargnoli va ser un dels pioners de la fotografia del nostre pa\u00eds. Va rec\u00f3rrer les comarques gironines i m\u00e9s enll\u00e0 retratant la vida des de la costa fins a la muntanya passant pels petits pobles i les grans ciutats.<\/p>\n\n\n\n<p>Aquells primers anys a cavall del segle xix i xx eren temps convulsos, marcats per la p\u00e8rdua de les col\u00f2nies espanyoles d\u2019ultramar, la Setmana Tr\u00e0gica, la lluita obrera i la difusi\u00f3 d\u2019idees com l\u2019anarquisme que, des de la capital, estenien la seva veu a Girona, on en Fargnoli s\u2019havia establert i es guanyava la vida venent foto postals i fent retrats per enc\u00e0rrec.<\/p>\n\n\n\n<p>A casa l\u2019esperava la Rosa, que amb la seva feina com a cosidora completava els migrats ingressos que amb penes i treballs sostenien les necessitats d\u2019una fam\u00edlia nombrosa.<\/p>\n\n\n\n<p>El fot\u00f2graf va tenir algun cop de sort, com quan va obtenir un premi concedit per l\u2019Institut Agr\u00edcola Catal\u00e0 de Sant Isidre, o quan va ser cridat a participar en el gran projecte de crear l\u2019arxiu fotogr\u00e0fic del patrimoni monumental del pa\u00eds. Per\u00f2 res no el marcaria tant com quan va ser cridat per la casa reial per documentar, el 1906, el matrimoni d\u2019Alfons XIII i Vict\u00f2ria Eug\u00e8nia a Madrid.<\/p>\n\n\n\n<p>Un esdeveniment amb final inesperat on, sense pretendre-ho, Fargnoli va aconseguir una instant\u00e0nia hist\u00f2rica que va haver de mantenir amagada durant d\u00e8cades. A les acaballes de la seva carrera com a fot\u00f2graf, Fargnoli va confiar una capsa de fotografies al seu ajudant, el Sebasti\u00e0 Mart\u00ed Roura. Hi havia les seves fotos preferides, records familiars, li va dir, per\u00f2 la veritat era una altra.<\/p>\n\n\n\n<p>La capsa contenia retrats d\u2019una hist\u00f2ria col\u00b7lectiva que calia preservar, i un secret que va romandre amagat durant m\u00e9s de cent anys.<\/p>\n\n\n\n<figure class=\"wp-block-image size-full\"><a href=\"https:\/\/www.grup62.cat\/llibre-el-fabricant-de-records\/356196\"><img loading=\"lazy\" decoding=\"async\" width=\"650\" height=\"991\" src=\"https:\/\/irla.cat\/casairla\/wp-content\/uploads\/2023\/03\/MARTI-GIRONELL-PORTADA.jpg\" alt=\"\" class=\"wp-image-1940\" srcset=\"https:\/\/irla.cat\/casairla\/wp-content\/uploads\/2023\/03\/MARTI-GIRONELL-PORTADA.jpg 650w, https:\/\/irla.cat\/casairla\/wp-content\/uploads\/2023\/03\/MARTI-GIRONELL-PORTADA-197x300.jpg 197w\" sizes=\"auto, (max-width: 650px) 100vw, 650px\" \/><\/a><\/figure>\n","protected":false},"excerpt":{"rendered":"<p>El Premi Prudenci Bertrana 2022 Mart\u00ed Gironell, presentar\u00e0 &#8220;El fabricant de records&#8221; dissabte 4 de mar\u00e7 a les 19 h a la Casa Irla.<\/p>\n","protected":false},"author":1,"featured_media":1941,"comment_status":"closed","ping_status":"closed","sticky":false,"template":"","format":"standard","meta":{"footnotes":""},"categories":[1],"tags":[],"class_list":["post-1939","post","type-post","status-publish","format-standard","has-post-thumbnail","hentry","category-general"],"_links":{"self":[{"href":"https:\/\/irla.cat\/casairla\/wp-json\/wp\/v2\/posts\/1939","targetHints":{"allow":["GET"]}}],"collection":[{"href":"https:\/\/irla.cat\/casairla\/wp-json\/wp\/v2\/posts"}],"about":[{"href":"https:\/\/irla.cat\/casairla\/wp-json\/wp\/v2\/types\/post"}],"author":[{"embeddable":true,"href":"https:\/\/irla.cat\/casairla\/wp-json\/wp\/v2\/users\/1"}],"replies":[{"embeddable":true,"href":"https:\/\/irla.cat\/casairla\/wp-json\/wp\/v2\/comments?post=1939"}],"version-history":[{"count":1,"href":"https:\/\/irla.cat\/casairla\/wp-json\/wp\/v2\/posts\/1939\/revisions"}],"predecessor-version":[{"id":1942,"href":"https:\/\/irla.cat\/casairla\/wp-json\/wp\/v2\/posts\/1939\/revisions\/1942"}],"wp:featuredmedia":[{"embeddable":true,"href":"https:\/\/irla.cat\/casairla\/wp-json\/wp\/v2\/media\/1941"}],"wp:attachment":[{"href":"https:\/\/irla.cat\/casairla\/wp-json\/wp\/v2\/media?parent=1939"}],"wp:term":[{"taxonomy":"category","embeddable":true,"href":"https:\/\/irla.cat\/casairla\/wp-json\/wp\/v2\/categories?post=1939"},{"taxonomy":"post_tag","embeddable":true,"href":"https:\/\/irla.cat\/casairla\/wp-json\/wp\/v2\/tags?post=1939"}],"curies":[{"name":"wp","href":"https:\/\/api.w.org\/{rel}","templated":true}]}}