{"id":1913,"date":"2023-01-30T09:51:00","date_gmt":"2023-01-30T08:51:00","guid":{"rendered":"https:\/\/irla.cat\/casairla\/?p=1913"},"modified":"2023-01-30T09:54:03","modified_gmt":"2023-01-30T08:54:03","slug":"dissabte-4-de-febrer-presentacio-del-llibre-vencer-la-por-vida-de-gabriel-ferrater-de-jordi-amat","status":"publish","type":"post","link":"https:\/\/irla.cat\/casairla\/2023\/01\/30\/dissabte-4-de-febrer-presentacio-del-llibre-vencer-la-por-vida-de-gabriel-ferrater-de-jordi-amat\/","title":{"rendered":"Dissabte 4 de febrer a les 19 h\u00a0&#8220;V\u00e8ncer la por. Vida de Gabriel Ferrater&#8221;"},"content":{"rendered":"\n<p> Jordi Amat presentar\u00e0, acompanyat per Xavier Pla, el seu llibre que porta per t\u00edtol &#8220;V\u00e8ncer la por. Vida de Gabriel Ferrater&#8221;<\/p>\n\n\n\n<p>En tota la postguerra civil hi ha poques figures tan brillants i decisives com Gabriel Ferrater (1922-1972), i probablement \u00e9s una de les m\u00e9s mal conegudes.<\/p>\n\n\n\n<p>Poeta revolucionari, lector excel\u00b7lent, professor at\u00edpic i baula clau per a la reincorporaci\u00f3 del sistema literari catal\u00e0 a la modernitat, Ferrater ja era un mite per als que el van con\u00e8ixer, i es va convertir en una llegenda despr\u00e9s del seu su\u00efcidi anunciat.<\/p>\n\n\n\n<p>Amb intel\u00b7lig\u00e8ncia l\u00facida i saviesa autodidacta, sedu\u00efa parlant de literatura, de pintura, de matem\u00e0tiques, de ling\u00fc\u00edstica i de tot all\u00f2 que realment li interess\u00e9s. I bevia per brillar, ja fos en les reunions amb els m\u00e9s prestigiosos editors europeus o en qualsevol bar amb estudiants o amb companys de tert\u00falia inesperats.<\/p>\n\n\n\n<p>Un cop a casa, a Reus, Barcelona, Hamburg o Sant Cugat, seguia llegint per allunyar una por que travessa la seva intimitat i la seva poesia, i que mirava de v\u00e8ncer a prop de les dones amb qui volia compartir la vida.<\/p>\n\n\n\n<p> Escrita com un vibrant relat de no-ficci\u00f3, des de la veracitat i el rigor, i atenent als fets contrastats amb tota mena de documents i cartes, aquesta biografia de Jordi Amat va m\u00e9s enll\u00e0 del mite i ens redefineix les angoixes i els dies d\u2019un personatge fascinadorament complex.<\/p>\n\n\n\n<p>Per primer cop una biografia aut\u00e8ntica d\u2019una de les figures m\u00e9s atractives de la cultura de la segona meitat del segle XX. El retrat m\u00e9s complet de Gabriel Ferrater<\/p>\n\n\n\n<p>Presenta Xavier Pla<\/p>\n\n\n\n<figure class=\"wp-block-image size-full\"><a href=\"https:\/\/www.grup62.cat\/llibre-vencer-la-por-vida-de-gabriel-ferrater\/346326\" target=\"_blank\" rel=\"noreferrer noopener\"><img loading=\"lazy\" decoding=\"async\" width=\"650\" height=\"981\" src=\"https:\/\/irla.cat\/casairla\/wp-content\/uploads\/2023\/01\/JORDI-AMAT-PORTADA.jpg\" alt=\"\" class=\"wp-image-1915\" srcset=\"https:\/\/irla.cat\/casairla\/wp-content\/uploads\/2023\/01\/JORDI-AMAT-PORTADA.jpg 650w, https:\/\/irla.cat\/casairla\/wp-content\/uploads\/2023\/01\/JORDI-AMAT-PORTADA-199x300.jpg 199w\" sizes=\"auto, (max-width: 650px) 100vw, 650px\" \/><\/a><\/figure>\n","protected":false},"excerpt":{"rendered":"<p> Jordi Amat presentar\u00e0, acompanyat per Xavier Pla, el seu llibre que porta per t\u00edtol &#8220;V\u00e8ncer la por. Vida de Gabriel Ferrater&#8221;<\/p>\n","protected":false},"author":1,"featured_media":1914,"comment_status":"closed","ping_status":"closed","sticky":false,"template":"","format":"standard","meta":{"footnotes":""},"categories":[1],"tags":[],"class_list":["post-1913","post","type-post","status-publish","format-standard","has-post-thumbnail","hentry","category-general"],"_links":{"self":[{"href":"https:\/\/irla.cat\/casairla\/wp-json\/wp\/v2\/posts\/1913","targetHints":{"allow":["GET"]}}],"collection":[{"href":"https:\/\/irla.cat\/casairla\/wp-json\/wp\/v2\/posts"}],"about":[{"href":"https:\/\/irla.cat\/casairla\/wp-json\/wp\/v2\/types\/post"}],"author":[{"embeddable":true,"href":"https:\/\/irla.cat\/casairla\/wp-json\/wp\/v2\/users\/1"}],"replies":[{"embeddable":true,"href":"https:\/\/irla.cat\/casairla\/wp-json\/wp\/v2\/comments?post=1913"}],"version-history":[{"count":7,"href":"https:\/\/irla.cat\/casairla\/wp-json\/wp\/v2\/posts\/1913\/revisions"}],"predecessor-version":[{"id":1924,"href":"https:\/\/irla.cat\/casairla\/wp-json\/wp\/v2\/posts\/1913\/revisions\/1924"}],"wp:featuredmedia":[{"embeddable":true,"href":"https:\/\/irla.cat\/casairla\/wp-json\/wp\/v2\/media\/1914"}],"wp:attachment":[{"href":"https:\/\/irla.cat\/casairla\/wp-json\/wp\/v2\/media?parent=1913"}],"wp:term":[{"taxonomy":"category","embeddable":true,"href":"https:\/\/irla.cat\/casairla\/wp-json\/wp\/v2\/categories?post=1913"},{"taxonomy":"post_tag","embeddable":true,"href":"https:\/\/irla.cat\/casairla\/wp-json\/wp\/v2\/tags?post=1913"}],"curies":[{"name":"wp","href":"https:\/\/api.w.org\/{rel}","templated":true}]}}