{"id":1882,"date":"2023-01-18T08:42:19","date_gmt":"2023-01-18T07:42:19","guid":{"rendered":"https:\/\/irla.cat\/casairla\/?p=1882"},"modified":"2023-01-18T08:45:54","modified_gmt":"2023-01-18T07:45:54","slug":"dissabte-21-de-gener-presentacio-del-llibre-cap-al-tard-deduard-casas","status":"publish","type":"post","link":"https:\/\/irla.cat\/casairla\/2023\/01\/18\/dissabte-21-de-gener-presentacio-del-llibre-cap-al-tard-deduard-casas\/","title":{"rendered":"Dissabte 21 de gener presentaci\u00f3 del llibre &#8220;Cap al tard&#8221; d&#8217;Eduard Casas"},"content":{"rendered":"\n<p>Dissabte 21 de gener a les 19 h encetem el cicle literari amb la presentaci\u00f3 del llibre &#8220;Cap al tard&#8221; de l&#8217;Eduard Casas. Presentar\u00e0 l&#8217;acte Ester Xargay.<\/p>\n\n\n\n<p>Aquest llibre \u00e9s el testimoniatge d\u2019una profunda identificaci\u00f3 amb els ideals d\u2019una Catalunya sobirana i lliure. <\/p>\n\n\n\n<p>Per a Eduard Casas, aquests ideals no es poden deslligar de la consci\u00e8ncia ling\u00fc\u00edstica, totalment irrenunciable: cal con\u00e8ixer a fons l\u2019instrument expressiu que van emprar Ausi\u00e0s March, Jacint Verdaguer i tants altres escriptors, la mem\u00f2ria dels quals no morir\u00e0 mai.<\/p>\n\n\n\n<p>L\u2019autor \u00e9s, sens dubte, un bon poeta, amb una notable riquesa de l\u00e8xic i una gran empenta imaginativa.D\u2019altra banda, amb les seves paraules de ciutad\u00e0 exemplar, dona una s\u00e0via lli\u00e7\u00f3 als catalans d\u2019aquest segle XXI, massa sovint ancorats en el recel i en la incertesa.<\/p>\n\n\n\n<figure class=\"wp-block-image size-large\"><a href=\"https:\/\/www.pageseditors.cat\/ca\/cap-al-tard.html\" target=\"_blank\" rel=\"noreferrer noopener\"><img loading=\"lazy\" decoding=\"async\" width=\"634\" height=\"1024\" src=\"https:\/\/irla.cat\/casairla\/wp-content\/uploads\/2023\/01\/unnamed-634x1024.jpeg\" alt=\"\" class=\"wp-image-1884\" srcset=\"https:\/\/irla.cat\/casairla\/wp-content\/uploads\/2023\/01\/unnamed-634x1024.jpeg 634w, https:\/\/irla.cat\/casairla\/wp-content\/uploads\/2023\/01\/unnamed-186x300.jpeg 186w, https:\/\/irla.cat\/casairla\/wp-content\/uploads\/2023\/01\/unnamed-768x1240.jpeg 768w, https:\/\/irla.cat\/casairla\/wp-content\/uploads\/2023\/01\/unnamed-951x1536.jpeg 951w, https:\/\/irla.cat\/casairla\/wp-content\/uploads\/2023\/01\/unnamed-1269x2048.jpeg 1269w, https:\/\/irla.cat\/casairla\/wp-content\/uploads\/2023\/01\/unnamed-scaled.jpeg 1586w\" sizes=\"auto, (max-width: 634px) 100vw, 634px\" \/><\/a><\/figure>\n","protected":false},"excerpt":{"rendered":"<p>Dissabte 21 de gener a les 19 h encetem el cicle literari amb la presentaci\u00f3 del llibre &#8220;Cap al tard&#8221; de l&#8217;Eduard Casas.<\/p>\n","protected":false},"author":1,"featured_media":1887,"comment_status":"closed","ping_status":"closed","sticky":false,"template":"","format":"standard","meta":{"footnotes":""},"categories":[1],"tags":[],"class_list":["post-1882","post","type-post","status-publish","format-standard","has-post-thumbnail","hentry","category-general"],"_links":{"self":[{"href":"https:\/\/irla.cat\/casairla\/wp-json\/wp\/v2\/posts\/1882","targetHints":{"allow":["GET"]}}],"collection":[{"href":"https:\/\/irla.cat\/casairla\/wp-json\/wp\/v2\/posts"}],"about":[{"href":"https:\/\/irla.cat\/casairla\/wp-json\/wp\/v2\/types\/post"}],"author":[{"embeddable":true,"href":"https:\/\/irla.cat\/casairla\/wp-json\/wp\/v2\/users\/1"}],"replies":[{"embeddable":true,"href":"https:\/\/irla.cat\/casairla\/wp-json\/wp\/v2\/comments?post=1882"}],"version-history":[{"count":1,"href":"https:\/\/irla.cat\/casairla\/wp-json\/wp\/v2\/posts\/1882\/revisions"}],"predecessor-version":[{"id":1885,"href":"https:\/\/irla.cat\/casairla\/wp-json\/wp\/v2\/posts\/1882\/revisions\/1885"}],"wp:featuredmedia":[{"embeddable":true,"href":"https:\/\/irla.cat\/casairla\/wp-json\/wp\/v2\/media\/1887"}],"wp:attachment":[{"href":"https:\/\/irla.cat\/casairla\/wp-json\/wp\/v2\/media?parent=1882"}],"wp:term":[{"taxonomy":"category","embeddable":true,"href":"https:\/\/irla.cat\/casairla\/wp-json\/wp\/v2\/categories?post=1882"},{"taxonomy":"post_tag","embeddable":true,"href":"https:\/\/irla.cat\/casairla\/wp-json\/wp\/v2\/tags?post=1882"}],"curies":[{"name":"wp","href":"https:\/\/api.w.org\/{rel}","templated":true}]}}