{"id":1820,"date":"2022-11-08T09:40:06","date_gmt":"2022-11-08T08:40:06","guid":{"rendered":"https:\/\/irla.cat\/casairla\/?p=1820"},"modified":"2022-11-08T10:06:26","modified_gmt":"2022-11-08T09:06:26","slug":"dijous-10-de-novembre-inauguracio-del-bar-de-la-casa-irla","status":"publish","type":"post","link":"https:\/\/irla.cat\/casairla\/2022\/11\/08\/dijous-10-de-novembre-inauguracio-del-bar-de-la-casa-irla\/","title":{"rendered":"Dijous 10 de novembre inauguraci\u00f3 del Bar de la Casa Irla"},"content":{"rendered":"\n<p>El Bar Casa Irla te nova direcci\u00f3 i a partir d&#8217;ara el portaran en Joel i l&#8217;Andrea. L&#8217; inauguraci\u00f3 ser\u00e0  dijous dia 10 de novembre a les 19 h<\/p>\n\n\n\n<p> L&#8217;horari del Bar de la Casa Irla ser\u00e0 el mateix que fins ara.<\/p>\n\n\n\n<p>Obert de dimecres a diumenge a partir de les 18 h.<\/p>\n\n\n\n<p>Us hi esperem<\/p>\n\n\n\n<p><\/p>\n","protected":false},"excerpt":{"rendered":"<p>El Bar Casa Irla te nova direcci\u00f3 i a partir d&#8217;ara el portaran en Joel i l&#8217;Andrea. L&#8217; inauguraci\u00f3 ser\u00e0  dijous dia 10 de novembre a les 19 h<\/p>\n","protected":false},"author":1,"featured_media":1824,"comment_status":"closed","ping_status":"closed","sticky":false,"template":"","format":"standard","meta":{"footnotes":""},"categories":[1],"tags":[],"class_list":["post-1820","post","type-post","status-publish","format-standard","has-post-thumbnail","hentry","category-general"],"_links":{"self":[{"href":"https:\/\/irla.cat\/casairla\/wp-json\/wp\/v2\/posts\/1820","targetHints":{"allow":["GET"]}}],"collection":[{"href":"https:\/\/irla.cat\/casairla\/wp-json\/wp\/v2\/posts"}],"about":[{"href":"https:\/\/irla.cat\/casairla\/wp-json\/wp\/v2\/types\/post"}],"author":[{"embeddable":true,"href":"https:\/\/irla.cat\/casairla\/wp-json\/wp\/v2\/users\/1"}],"replies":[{"embeddable":true,"href":"https:\/\/irla.cat\/casairla\/wp-json\/wp\/v2\/comments?post=1820"}],"version-history":[{"count":3,"href":"https:\/\/irla.cat\/casairla\/wp-json\/wp\/v2\/posts\/1820\/revisions"}],"predecessor-version":[{"id":1833,"href":"https:\/\/irla.cat\/casairla\/wp-json\/wp\/v2\/posts\/1820\/revisions\/1833"}],"wp:featuredmedia":[{"embeddable":true,"href":"https:\/\/irla.cat\/casairla\/wp-json\/wp\/v2\/media\/1824"}],"wp:attachment":[{"href":"https:\/\/irla.cat\/casairla\/wp-json\/wp\/v2\/media?parent=1820"}],"wp:term":[{"taxonomy":"category","embeddable":true,"href":"https:\/\/irla.cat\/casairla\/wp-json\/wp\/v2\/categories?post=1820"},{"taxonomy":"post_tag","embeddable":true,"href":"https:\/\/irla.cat\/casairla\/wp-json\/wp\/v2\/tags?post=1820"}],"curies":[{"name":"wp","href":"https:\/\/api.w.org\/{rel}","templated":true}]}}