{"id":1808,"date":"2022-10-06T09:47:23","date_gmt":"2022-10-06T07:47:23","guid":{"rendered":"https:\/\/irla.cat\/casairla\/?p=1808"},"modified":"2022-10-06T09:49:51","modified_gmt":"2022-10-06T07:49:51","slug":"dissabte-8-doctubre-a-les-19-h-presentem-el-llibre-les-altures-de-sebastia-portell","status":"publish","type":"post","link":"https:\/\/irla.cat\/casairla\/2022\/10\/06\/dissabte-8-doctubre-a-les-19-h-presentem-el-llibre-les-altures-de-sebastia-portell\/","title":{"rendered":"Dissabte 8 d&#8217;octubre a les 19 h\u00a0presentaci\u00f3 del llibre\u00a0&#8220;Les altures&#8221; de Sebasti\u00e0 Portell"},"content":{"rendered":"\n<p>La presentaci\u00f3 del llibre &#8220;Les altures&#8221; anir\u00e0 a c\u00e0rrec de l&#8217;autor Sebasti\u00e0 Portell i de Anna Pantinat i Pilar Gir\u00f3.<\/p>\n\n\n\n<p>Promesa fulgurant de l\u2019art catal\u00e0 de principis del segle XX i creador bandejat poc temps despr\u00e9s per la burgesia que l\u2019havia enaltit, el pintor, escultor i gravador Ismael Smith \u00e9s una de les figures m\u00e9s queer, genu\u00efnes i excepcionals del nostre patrimoni art\u00edstic.<\/p>\n\n\n\n<p>La novel\u00b7la Les altures interpreta la seva traject\u00f2ria \u2014de la Barcelona del 1896 a la Nova York del 1972\u2014 amb un joc de veus que encarnen les tensions i els clarobscurs que Smith va capturar en la seva producci\u00f3 art\u00edstica.<\/p>\n\n\n\n<p>&#8220;Les altures&#8221; \u00e9s la novel\u00b7la m\u00e9s ambiciosa de Sebasti\u00e0 Portell, el retrat coral d\u2019una vida travessada per la incomprensi\u00f3 i per les nocions d\u2019\u00e8xit i de frac\u00e0s.<\/p>\n\n\n\n<figure class=\"wp-block-image size-full\"><a href=\"https:\/\/www.grup62.cat\/llibre-les-altures\/355652\" target=\"_blank\" rel=\"noreferrer noopener\"><img loading=\"lazy\" decoding=\"async\" width=\"650\" height=\"989\" src=\"https:\/\/irla.cat\/casairla\/wp-content\/uploads\/2022\/10\/Les-Altures.jpg\" alt=\"\" class=\"wp-image-1809\" srcset=\"https:\/\/irla.cat\/casairla\/wp-content\/uploads\/2022\/10\/Les-Altures.jpg 650w, https:\/\/irla.cat\/casairla\/wp-content\/uploads\/2022\/10\/Les-Altures-197x300.jpg 197w\" sizes=\"auto, (max-width: 650px) 100vw, 650px\" \/><\/a><\/figure>\n\n\n\n<p><\/p>\n","protected":false},"excerpt":{"rendered":"<p>La presentaci\u00f3 del llibre &#8220;Les altures&#8221; anir\u00e0 a c\u00e0rrec de l&#8217;autor Sebasti\u00e0 Portell i de Anna Pantinat i Pilar Gir\u00f3.<\/p>\n","protected":false},"author":1,"featured_media":1810,"comment_status":"closed","ping_status":"closed","sticky":false,"template":"","format":"standard","meta":{"footnotes":""},"categories":[1],"tags":[],"class_list":["post-1808","post","type-post","status-publish","format-standard","has-post-thumbnail","hentry","category-general"],"_links":{"self":[{"href":"https:\/\/irla.cat\/casairla\/wp-json\/wp\/v2\/posts\/1808","targetHints":{"allow":["GET"]}}],"collection":[{"href":"https:\/\/irla.cat\/casairla\/wp-json\/wp\/v2\/posts"}],"about":[{"href":"https:\/\/irla.cat\/casairla\/wp-json\/wp\/v2\/types\/post"}],"author":[{"embeddable":true,"href":"https:\/\/irla.cat\/casairla\/wp-json\/wp\/v2\/users\/1"}],"replies":[{"embeddable":true,"href":"https:\/\/irla.cat\/casairla\/wp-json\/wp\/v2\/comments?post=1808"}],"version-history":[{"count":3,"href":"https:\/\/irla.cat\/casairla\/wp-json\/wp\/v2\/posts\/1808\/revisions"}],"predecessor-version":[{"id":1813,"href":"https:\/\/irla.cat\/casairla\/wp-json\/wp\/v2\/posts\/1808\/revisions\/1813"}],"wp:featuredmedia":[{"embeddable":true,"href":"https:\/\/irla.cat\/casairla\/wp-json\/wp\/v2\/media\/1810"}],"wp:attachment":[{"href":"https:\/\/irla.cat\/casairla\/wp-json\/wp\/v2\/media?parent=1808"}],"wp:term":[{"taxonomy":"category","embeddable":true,"href":"https:\/\/irla.cat\/casairla\/wp-json\/wp\/v2\/categories?post=1808"},{"taxonomy":"post_tag","embeddable":true,"href":"https:\/\/irla.cat\/casairla\/wp-json\/wp\/v2\/tags?post=1808"}],"curies":[{"name":"wp","href":"https:\/\/api.w.org\/{rel}","templated":true}]}}