{"id":1795,"date":"2022-09-27T11:03:02","date_gmt":"2022-09-27T09:03:02","guid":{"rendered":"https:\/\/irla.cat\/casairla\/?p=1795"},"modified":"2022-09-27T11:07:14","modified_gmt":"2022-09-27T09:07:14","slug":"dissabte-1-doctubre-a-les-19-h-presetacio-del-llibre-llacos-de-sang-de-teresa-sagrera-i-ramon-gasch","status":"publish","type":"post","link":"https:\/\/irla.cat\/casairla\/2022\/09\/27\/dissabte-1-doctubre-a-les-19-h-presetacio-del-llibre-llacos-de-sang-de-teresa-sagrera-i-ramon-gasch\/","title":{"rendered":"Dissabte 1 d&#8217;octubre a les 19 h presentaci\u00f3 del llibre &#8220;Lla\u00e7os de sang&#8221;"},"content":{"rendered":"\n<p>Una novel\u00b7la de Teresa Sagrera i Ramon Gasch sobre les hero\u00efnes que van lluitar per Girona durant el setge napole\u00f2nic.<\/p>\n\n\n\n<p>&#8220;Lla\u00e7os de sang&#8221; parla del paper sovint desconegut, per\u00f2 decisiu que van tenir les dones en la defensa i la recuperaci\u00f3 de la ciutat i com es van organitzar de manera heroica en una companyia militar anomenada les B\u00e0rbares, que es reconeixien perqu\u00e8 portaven lligat al bra\u00e7 esquerre un lla\u00e7 vermell, tan vermell com la sang, i perqu\u00e8 lluitaven ferotges amb dents i ungles per defensar els seus.<\/p>\n\n\n\n<p>La Marta viu feli\u00e7 amb el seu marit i el seu fill a la Girona del 1808 quan un bon dia una corrua de soldats napole\u00f2nics entren a la ciutat. Ho fan com a amics, te\u00f2ricament\u2026<\/p>\n\n\n\n<p>Quan es va signar el tractat de Fontainebleau, Espanya i Fran\u00e7a van pactar que s\u2019unirien per conquerir Portugal i un cop fet se la repartirien. Per\u00f2 pensar que Napole\u00f3 passaria per la pen\u00ednsula simplement com un aliat sense intentar conquerir-la va ser una ingenu\u00eftat i la ciutat dels quatre rius va ser v\u00edctima d\u2019una gran trag\u00e8dia: un setge que va provocar milers de morts i la destrucci\u00f3 d\u2019una gran part de la ciutat.<\/p>\n\n\n\n<p>La Marta, com tantes altres dones, es veu obligada a afrontar una guerra despietada i, despr\u00e9s de superar el xoc inicial, decideix que far\u00e0 el que faci falta per defensar i protegir el seu m\u00f3n.<\/p>\n\n\n\n<p>Lla\u00e7os de sangparla del paper sovint desconegut per\u00f2 decisiu que van tenir les dones en la defensa i la recuperaci\u00f3 de la ciutat i com es van organitzar de manera heroica en una companyia militar anomenada les B\u00e0rbares, que es reconeixien perqu\u00e8 portaven lligat al bra\u00e7 esquerre un lla\u00e7 vermell, tan vermell com la sang, i perqu\u00e8 lluitaven ferotges amb dents i ungles per defensar els seus.<\/p>\n\n\n\n<figure class=\"wp-block-image size-full\"><a href=\"https:\/\/www.casadellibro.com\/libro-llacos-de-sang\/9788466429115\/12826438\" target=\"_blank\" rel=\"noreferrer noopener\"><img loading=\"lazy\" decoding=\"async\" width=\"666\" height=\"1024\" src=\"https:\/\/irla.cat\/casairla\/wp-content\/uploads\/2022\/09\/Llac\u0327os-de-Sang.jpg\" alt=\"\" class=\"wp-image-1799\" srcset=\"https:\/\/irla.cat\/casairla\/wp-content\/uploads\/2022\/09\/Llac\u0327os-de-Sang.jpg 666w, https:\/\/irla.cat\/casairla\/wp-content\/uploads\/2022\/09\/Llac\u0327os-de-Sang-195x300.jpg 195w\" sizes=\"auto, (max-width: 666px) 100vw, 666px\" \/><\/a><\/figure>\n\n\n\n<p><\/p>\n","protected":false},"excerpt":{"rendered":"<p>Una novel\u00b7la sobre les hero\u00efnes que van lluitar per Girona durant el setge napole\u00f2nic. Una hist\u00f2ria de dones valentes, la hist\u00f2ria de les b\u00e0rbares.<\/p>\n","protected":false},"author":1,"featured_media":1796,"comment_status":"closed","ping_status":"closed","sticky":false,"template":"","format":"standard","meta":{"footnotes":""},"categories":[1],"tags":[],"class_list":["post-1795","post","type-post","status-publish","format-standard","has-post-thumbnail","hentry","category-general"],"_links":{"self":[{"href":"https:\/\/irla.cat\/casairla\/wp-json\/wp\/v2\/posts\/1795","targetHints":{"allow":["GET"]}}],"collection":[{"href":"https:\/\/irla.cat\/casairla\/wp-json\/wp\/v2\/posts"}],"about":[{"href":"https:\/\/irla.cat\/casairla\/wp-json\/wp\/v2\/types\/post"}],"author":[{"embeddable":true,"href":"https:\/\/irla.cat\/casairla\/wp-json\/wp\/v2\/users\/1"}],"replies":[{"embeddable":true,"href":"https:\/\/irla.cat\/casairla\/wp-json\/wp\/v2\/comments?post=1795"}],"version-history":[{"count":3,"href":"https:\/\/irla.cat\/casairla\/wp-json\/wp\/v2\/posts\/1795\/revisions"}],"predecessor-version":[{"id":1801,"href":"https:\/\/irla.cat\/casairla\/wp-json\/wp\/v2\/posts\/1795\/revisions\/1801"}],"wp:featuredmedia":[{"embeddable":true,"href":"https:\/\/irla.cat\/casairla\/wp-json\/wp\/v2\/media\/1796"}],"wp:attachment":[{"href":"https:\/\/irla.cat\/casairla\/wp-json\/wp\/v2\/media?parent=1795"}],"wp:term":[{"taxonomy":"category","embeddable":true,"href":"https:\/\/irla.cat\/casairla\/wp-json\/wp\/v2\/categories?post=1795"},{"taxonomy":"post_tag","embeddable":true,"href":"https:\/\/irla.cat\/casairla\/wp-json\/wp\/v2\/tags?post=1795"}],"curies":[{"name":"wp","href":"https:\/\/api.w.org\/{rel}","templated":true}]}}