{"id":1782,"date":"2022-09-05T08:46:00","date_gmt":"2022-09-05T06:46:00","guid":{"rendered":"https:\/\/irla.cat\/casairla\/?p=1782"},"modified":"2022-09-08T08:50:43","modified_gmt":"2022-09-08T06:50:43","slug":"dissabte-10-de-setembre-a-les-19-h-presentacio-del-llibre-honorables-catalans-de-genis-sinca","status":"publish","type":"post","link":"https:\/\/irla.cat\/casairla\/2022\/09\/05\/dissabte-10-de-setembre-a-les-19-h-presentacio-del-llibre-honorables-catalans-de-genis-sinca\/","title":{"rendered":"Dissabte 10 de setembre a les 19 h presentaci\u00f3 del llibre &#8220;Honorables Catalans&#8221; de Gen\u00eds Sinca"},"content":{"rendered":"\n<p>&#8220;Honorables catalans&#8221; \u00e9s la tria dels vint personatges m\u00e9s impactant i reveladors tractats pel periodista i escriptor Gen\u00eds Sinca a la secci\u00f3 hom\u00f2nima del Via lliure de RAC1, el programa que dirigeix Xavier Bund\u00f3 els caps de setmana.<\/p>\n\n\n\n<p>La selecci\u00f3 recull els honorables m\u00e9s reveladors i que m\u00e9s sorpresa han provocat a l\u2019audi\u00e8ncia durant les set temporades de la secci\u00f3.<\/p>\n\n\n\n<p>Al llarg d\u2019aquests set anys, Gen\u00eds Sinca ha retratat i descobert m\u00e9s de dues-centes personalitats catalanes, sovint in\u00e8dites per\u00f2 de gran rellev\u00e0ncia hist\u00f2rica.<\/p>\n\n\n\n<p>Des de \u00abEl rei del plasma\u00bb (Josep Antoni Gr\u00edfols), passant per &#8220;L\u2019introductor del gas natural&#8221; (Duran Farell) o la impactant hist\u00f2ria de &#8220;La primera directiva del Bar\u00e7a\u00bb&#8221;(Mart\u00ednez Sagi), aquesta s\u00e8rie d\u2019honorables catalans, dividida per tem\u00e0tiques com &#8220;Superdotades Marca Barcelona&#8221; (Carme Serrallonga, Maria Canals, Maria Oliveras) o &#8220;Tres homenots colossals&#8221; (Ramon Fuster, J. B. Cendr\u00f3s, Ramon Margalef), confereix un retrat ins\u00f2lit del pa\u00eds, pel desconeixement majoritari d\u2019algunes de les seves personalitats m\u00e9s preeminents i la sorpresa que provoca descobrir la hist\u00f2ria in\u00e8dita d\u2019una Catalunya que no ha estat explicada mai fins ara.<\/p>\n\n\n\n<figure class=\"wp-block-image size-large\"><a href=\"https:\/\/www.grup62.cat\/llibre-honorables-catalans\/309791\" target=\"_blank\" rel=\"noreferrer noopener\"><img loading=\"lazy\" decoding=\"async\" width=\"677\" height=\"1024\" src=\"https:\/\/irla.cat\/casairla\/wp-content\/uploads\/2022\/09\/Honorables-catalans-677x1024.jpeg\" alt=\"\" class=\"wp-image-1784\" srcset=\"https:\/\/irla.cat\/casairla\/wp-content\/uploads\/2022\/09\/Honorables-catalans-677x1024.jpeg 677w, https:\/\/irla.cat\/casairla\/wp-content\/uploads\/2022\/09\/Honorables-catalans-198x300.jpeg 198w, https:\/\/irla.cat\/casairla\/wp-content\/uploads\/2022\/09\/Honorables-catalans-768x1162.jpeg 768w, https:\/\/irla.cat\/casairla\/wp-content\/uploads\/2022\/09\/Honorables-catalans-1015x1536.jpeg 1015w, https:\/\/irla.cat\/casairla\/wp-content\/uploads\/2022\/09\/Honorables-catalans-1354x2048.jpeg 1354w, https:\/\/irla.cat\/casairla\/wp-content\/uploads\/2022\/09\/Honorables-catalans-scaled.jpeg 1692w\" sizes=\"auto, (max-width: 677px) 100vw, 677px\" \/><\/a><\/figure>\n","protected":false},"excerpt":{"rendered":"<p>&#8220;Honorables catalans&#8221; \u00e9s la tria dels vint personatges m\u00e9s impactant i reveladors tractats pel periodista i escriptor Gen\u00eds Sinca a<\/p>\n","protected":false},"author":1,"featured_media":1783,"comment_status":"closed","ping_status":"closed","sticky":false,"template":"","format":"standard","meta":{"footnotes":""},"categories":[1],"tags":[],"class_list":["post-1782","post","type-post","status-publish","format-standard","has-post-thumbnail","hentry","category-general"],"_links":{"self":[{"href":"https:\/\/irla.cat\/casairla\/wp-json\/wp\/v2\/posts\/1782","targetHints":{"allow":["GET"]}}],"collection":[{"href":"https:\/\/irla.cat\/casairla\/wp-json\/wp\/v2\/posts"}],"about":[{"href":"https:\/\/irla.cat\/casairla\/wp-json\/wp\/v2\/types\/post"}],"author":[{"embeddable":true,"href":"https:\/\/irla.cat\/casairla\/wp-json\/wp\/v2\/users\/1"}],"replies":[{"embeddable":true,"href":"https:\/\/irla.cat\/casairla\/wp-json\/wp\/v2\/comments?post=1782"}],"version-history":[{"count":1,"href":"https:\/\/irla.cat\/casairla\/wp-json\/wp\/v2\/posts\/1782\/revisions"}],"predecessor-version":[{"id":1785,"href":"https:\/\/irla.cat\/casairla\/wp-json\/wp\/v2\/posts\/1782\/revisions\/1785"}],"wp:featuredmedia":[{"embeddable":true,"href":"https:\/\/irla.cat\/casairla\/wp-json\/wp\/v2\/media\/1783"}],"wp:attachment":[{"href":"https:\/\/irla.cat\/casairla\/wp-json\/wp\/v2\/media?parent=1782"}],"wp:term":[{"taxonomy":"category","embeddable":true,"href":"https:\/\/irla.cat\/casairla\/wp-json\/wp\/v2\/categories?post=1782"},{"taxonomy":"post_tag","embeddable":true,"href":"https:\/\/irla.cat\/casairla\/wp-json\/wp\/v2\/tags?post=1782"}],"curies":[{"name":"wp","href":"https:\/\/api.w.org\/{rel}","templated":true}]}}