{"id":1770,"date":"2022-08-30T09:11:45","date_gmt":"2022-08-30T07:11:45","guid":{"rendered":"https:\/\/irla.cat\/casairla\/?p=1770"},"modified":"2022-08-30T09:14:36","modified_gmt":"2022-08-30T07:14:36","slug":"dissabte-3-de-setembre-un-tal-a-lantic-egipte-de-marti-gironell","status":"publish","type":"post","link":"https:\/\/irla.cat\/casairla\/2022\/08\/30\/dissabte-3-de-setembre-un-tal-a-lantic-egipte-de-marti-gironell\/","title":{"rendered":"Dissabte 3 de setembre &#8220;Un talp a l&#8217;Antic Egipte&#8221; de Mart\u00ed Gironell"},"content":{"rendered":"\n<p>Dissabte 3 de setembre a les 19 h presentarem el llibre &#8220;Un talp a l\u2019Antic Egipte&#8221; Mart\u00ed Gironell amb il\u00b7lustracions de Coaner Codina.<\/p>\n\n\n\n<p>Baobab \u2013segell especialitzat en \u00e0lbums il\u00b7lustrats de l\u2019editorial Estrella Polar\u2013 publica el nou llibre infantil del periodista i escriptor catal\u00e0 Mart\u00ed Gironell &#8220;Un talp a l\u2019Antic Egipte&#8221;.<\/p>\n\n\n\n<p>Es tracta d\u2019un conte fant\u00e0stic que ens convida a viatjar sota terra per descobrir les meravelles ocultes d\u2019una de les cultures m\u00e9s rellevants a la hist\u00f2ria: la cultura eg\u00edpcia! Jerogl\u00edfics, pir\u00e0mides, animals, misteri i diversi\u00f3 acompanyaran aquesta vegada l\u2019entranyable talp Felip en el segon dels seus viatges. Les il\u00b7lustracions s\u00f3n obra de Coaner Codina, il\u00b7lustradora emergent cada cop m\u00e9s reconeguda en el panorama catal\u00e0.<\/p>\n\n\n\n<p>&#8220;Un talp a l\u2019Antic Egipte&#8221;, el segon \u00e0lbum il\u00b7lustrat que publica el reconegut periodista i premiat escriptor, va dirigit a infants a partir de 3 anys i tracta temes com la hist\u00f2ria, la cultura, l\u2019amistat o la curiositat<\/p>\n\n\n\n<figure class=\"wp-block-image size-large is-resized\"><a href=\"https:\/\/www.grup62.cat\/llibre-un-talp-a-lantic-egipte\/344237\" target=\"_blank\" rel=\"noreferrer noopener\"><img loading=\"lazy\" decoding=\"async\" src=\"https:\/\/irla.cat\/casairla\/wp-content\/uploads\/2022\/08\/Portada-Un-talp-a-lantic-egipte-1024x1024.jpeg\" alt=\"\" class=\"wp-image-1772\" width=\"820\" height=\"820\" srcset=\"https:\/\/irla.cat\/casairla\/wp-content\/uploads\/2022\/08\/Portada-Un-talp-a-lantic-egipte-1024x1024.jpeg 1024w, https:\/\/irla.cat\/casairla\/wp-content\/uploads\/2022\/08\/Portada-Un-talp-a-lantic-egipte-300x300.jpeg 300w, https:\/\/irla.cat\/casairla\/wp-content\/uploads\/2022\/08\/Portada-Un-talp-a-lantic-egipte-150x150.jpeg 150w, https:\/\/irla.cat\/casairla\/wp-content\/uploads\/2022\/08\/Portada-Un-talp-a-lantic-egipte-768x768.jpeg 768w, https:\/\/irla.cat\/casairla\/wp-content\/uploads\/2022\/08\/Portada-Un-talp-a-lantic-egipte-1536x1536.jpeg 1536w, https:\/\/irla.cat\/casairla\/wp-content\/uploads\/2022\/08\/Portada-Un-talp-a-lantic-egipte-2048x2048.jpeg 2048w\" sizes=\"auto, (max-width: 820px) 100vw, 820px\" \/><\/a><\/figure>\n","protected":false},"excerpt":{"rendered":"<p>Dissabte 3 de setembre a les 19 h presentarem el llibre &#8220;Un talp a l\u2019Antic Egipte&#8221; Mart\u00ed Gironell amb il\u00b7lustracions de Coaner Codina.<\/p>\n","protected":false},"author":1,"featured_media":1771,"comment_status":"closed","ping_status":"closed","sticky":false,"template":"","format":"standard","meta":{"footnotes":""},"categories":[1],"tags":[],"class_list":["post-1770","post","type-post","status-publish","format-standard","has-post-thumbnail","hentry","category-general"],"_links":{"self":[{"href":"https:\/\/irla.cat\/casairla\/wp-json\/wp\/v2\/posts\/1770","targetHints":{"allow":["GET"]}}],"collection":[{"href":"https:\/\/irla.cat\/casairla\/wp-json\/wp\/v2\/posts"}],"about":[{"href":"https:\/\/irla.cat\/casairla\/wp-json\/wp\/v2\/types\/post"}],"author":[{"embeddable":true,"href":"https:\/\/irla.cat\/casairla\/wp-json\/wp\/v2\/users\/1"}],"replies":[{"embeddable":true,"href":"https:\/\/irla.cat\/casairla\/wp-json\/wp\/v2\/comments?post=1770"}],"version-history":[{"count":4,"href":"https:\/\/irla.cat\/casairla\/wp-json\/wp\/v2\/posts\/1770\/revisions"}],"predecessor-version":[{"id":1777,"href":"https:\/\/irla.cat\/casairla\/wp-json\/wp\/v2\/posts\/1770\/revisions\/1777"}],"wp:featuredmedia":[{"embeddable":true,"href":"https:\/\/irla.cat\/casairla\/wp-json\/wp\/v2\/media\/1771"}],"wp:attachment":[{"href":"https:\/\/irla.cat\/casairla\/wp-json\/wp\/v2\/media?parent=1770"}],"wp:term":[{"taxonomy":"category","embeddable":true,"href":"https:\/\/irla.cat\/casairla\/wp-json\/wp\/v2\/categories?post=1770"},{"taxonomy":"post_tag","embeddable":true,"href":"https:\/\/irla.cat\/casairla\/wp-json\/wp\/v2\/tags?post=1770"}],"curies":[{"name":"wp","href":"https:\/\/api.w.org\/{rel}","templated":true}]}}