{"id":1752,"date":"2022-07-18T09:57:00","date_gmt":"2022-07-18T07:57:00","guid":{"rendered":"https:\/\/irla.cat\/casairla\/?p=1752"},"modified":"2022-07-13T10:11:06","modified_gmt":"2022-07-13T08:11:06","slug":"dissabte-23-de-juliol-a-les-19-h-inaugurem-lexposicio-visions-deugenia-cros","status":"publish","type":"post","link":"https:\/\/irla.cat\/casairla\/2022\/07\/18\/dissabte-23-de-juliol-a-les-19-h-inaugurem-lexposicio-visions-deugenia-cros\/","title":{"rendered":"Dissabte 23 de juliol a les 19 h inaugurem l&#8217;exposici\u00f3 &#8220;Visions&#8221; d&#8217;Eug\u00e8nia Cros"},"content":{"rendered":"\n<p>Del 23 de juliol al 18 de setembre podrem veure a la Casa Irla l&#8217;exposici\u00f3 d&#8217;Eug\u00e8nia Cros &#8220;Visions&#8221;<\/p>\n\n\n\n<p>Quan s\u2019acaba el confinament comen\u00e7o a caminar per paisatges molt propers on no m\u2019havia entretingut ni detingut mai a observar amb calma.<\/p>\n\n\n\n<p>Descobreixo el riu i m\u2019endinso en les infinites visions, moltes in\u00e8dites, que m\u2019ofereix a diari. Aix\u00ed escric dia a dia, una mena d e dietari de la llum que esdev\u00e9 testimoni d\u2019un entorn a vegades po\u00e8tic i a vegades fins i tot m\u00e0gic, per on van desfilant els colors canviants dels diferents moments del dia i de les estacions. Potser m\u00e9s que trobar l\u2019instant decisiu, les imatges que m\u2019impregnen, s\u00f3n fruit tamb\u00e9 d\u2019un instant, en aquest cas, reflexiu.<\/p>\n\n\n\n<p><\/p>\n","protected":false},"excerpt":{"rendered":"<p>Del 23 de juliol al 18 de setembre podrem veure a la Casa Irla l&#8217;exposici\u00f3 d&#8217;Eug\u00e8nia Cros &#8220;Visions&#8221;<\/p>\n","protected":false},"author":1,"featured_media":1753,"comment_status":"closed","ping_status":"closed","sticky":false,"template":"","format":"standard","meta":{"footnotes":""},"categories":[1],"tags":[],"class_list":["post-1752","post","type-post","status-publish","format-standard","has-post-thumbnail","hentry","category-general"],"_links":{"self":[{"href":"https:\/\/irla.cat\/casairla\/wp-json\/wp\/v2\/posts\/1752","targetHints":{"allow":["GET"]}}],"collection":[{"href":"https:\/\/irla.cat\/casairla\/wp-json\/wp\/v2\/posts"}],"about":[{"href":"https:\/\/irla.cat\/casairla\/wp-json\/wp\/v2\/types\/post"}],"author":[{"embeddable":true,"href":"https:\/\/irla.cat\/casairla\/wp-json\/wp\/v2\/users\/1"}],"replies":[{"embeddable":true,"href":"https:\/\/irla.cat\/casairla\/wp-json\/wp\/v2\/comments?post=1752"}],"version-history":[{"count":1,"href":"https:\/\/irla.cat\/casairla\/wp-json\/wp\/v2\/posts\/1752\/revisions"}],"predecessor-version":[{"id":1754,"href":"https:\/\/irla.cat\/casairla\/wp-json\/wp\/v2\/posts\/1752\/revisions\/1754"}],"wp:featuredmedia":[{"embeddable":true,"href":"https:\/\/irla.cat\/casairla\/wp-json\/wp\/v2\/media\/1753"}],"wp:attachment":[{"href":"https:\/\/irla.cat\/casairla\/wp-json\/wp\/v2\/media?parent=1752"}],"wp:term":[{"taxonomy":"category","embeddable":true,"href":"https:\/\/irla.cat\/casairla\/wp-json\/wp\/v2\/categories?post=1752"},{"taxonomy":"post_tag","embeddable":true,"href":"https:\/\/irla.cat\/casairla\/wp-json\/wp\/v2\/tags?post=1752"}],"curies":[{"name":"wp","href":"https:\/\/api.w.org\/{rel}","templated":true}]}}