{"id":1739,"date":"2022-07-05T09:11:55","date_gmt":"2022-07-05T07:11:55","guid":{"rendered":"https:\/\/irla.cat\/casairla\/?p=1739"},"modified":"2022-07-05T09:13:25","modified_gmt":"2022-07-05T07:13:25","slug":"dissabte-9-de-juliol-presentacio-del-llibre-persistim-cartografia-de-l1-0-el-relat-dun-pres-politic-de-jordi-turull","status":"publish","type":"post","link":"https:\/\/irla.cat\/casairla\/2022\/07\/05\/dissabte-9-de-juliol-presentacio-del-llibre-persistim-cartografia-de-l1-0-el-relat-dun-pres-politic-de-jordi-turull\/","title":{"rendered":"Dissabte 9 de juliol\u00a0&#8220;Persistim. Cartografia de l&#8217;1-0: el relat d&#8217;un pres pol\u00edtic&#8221;\u00a0de\u00a0Jordi Turull"},"content":{"rendered":"\n<p><\/p>\n\n\n\n<p>Dissabte 9 de juliol a les 19 h presentarem a la Casa Irla el llibre &#8220;Persistim. Cartografia de l&#8217;1-0: el relat d&#8217;un pres pol\u00edtic&#8221; de Jordi Turull i Gemma Aguilera.<\/p>\n\n\n\n<p>Persistim \u00e9s el relat d\u2019uns mesos que ja han marcat la hist\u00f2ria de Catalunya, a trav\u00e9s de la visi\u00f3 pol\u00edtica, per\u00f2 tamb\u00e9 personal i \u00edntima, d\u2019una de les persones que han viscut i treballat en primera l\u00ednia de foc del refer\u00e8ndum i les seves conseq\u00fc\u00e8ncies, i que han patit la repressi\u00f3 posterior. Un relat honest, sincer i respectu\u00f3s.<\/p>\n\n\n\n<p>Amb l\u2019al\u00b7legat final davant del Tribunal Suprem del conseller Jordi Turull com a fil conductor, el llibre \u00e9s tamb\u00e9 una invitaci\u00f3 a persistir en l\u2019objectiu d\u2019assolir la Rep\u00fablica Catalana, bastint de nou la unitat estrat\u00e8gica i de pa\u00eds i, sobretot, la confian\u00e7a i complicitat que va n\u00e9ixer entre els ciutadans i les institucions arran del setge a la Generalitat, a molts ajuntaments, partits, entitats, empreses i ciutadans aquell 2017.<\/p>\n\n\n\n<p>Una confian\u00e7a que l\u20191-O va permetre que els catalans guanyessin a un Estat desbocat en el seu intent de reprimir el dret a decidir. \u201cVull persistir de manera tan pac\u00edfica com tossuda a avan\u00e7ar i assolir aquest gran objectiu que vam comen\u00e7ar l\u20191 d\u2019octubre del 2017 i a refor\u00e7ar l\u2019esperit que el va fer possible, defugint qualsevol protagonisme, amplificant les complicitats en l\u2019espai independentista i defugint els retrets. I dedicar molt de temps i iniciatives a agrair a tantes i tantes persones el seu suport i escalf cap als presos pol\u00edtics i exiliats.<\/p>\n\n\n\n<p>\u00c9s el sentit que vull trobar a la pres\u00f3, amb l\u2019esperan\u00e7a i el convenciment que si persistim i persistim, ens en sortirem i el temps ens demostrar\u00e0 que res haur\u00e0 estat en va i tot haur\u00e0 valgut la pena. Per nosaltres i, sobretot, per les futures generacions. Per Catalunya i pels drets i llibertats fonamentals que ho s\u00f3n de tothom i per tothom\u00bb.<\/p>\n\n\n\n<p><\/p>\n","protected":false},"excerpt":{"rendered":"<p>Dissabte 9 de juliol a les 19 h presentarem a la Casa Irla el llibre &#8220;Persistim. Cartografia de l&#8217;1-0: el relat d&#8217;un pres pol\u00edtic&#8221; de Jordi Turull.<\/p>\n","protected":false},"author":1,"featured_media":1740,"comment_status":"closed","ping_status":"closed","sticky":false,"template":"","format":"standard","meta":{"footnotes":""},"categories":[1],"tags":[],"class_list":["post-1739","post","type-post","status-publish","format-standard","has-post-thumbnail","hentry","category-general"],"_links":{"self":[{"href":"https:\/\/irla.cat\/casairla\/wp-json\/wp\/v2\/posts\/1739","targetHints":{"allow":["GET"]}}],"collection":[{"href":"https:\/\/irla.cat\/casairla\/wp-json\/wp\/v2\/posts"}],"about":[{"href":"https:\/\/irla.cat\/casairla\/wp-json\/wp\/v2\/types\/post"}],"author":[{"embeddable":true,"href":"https:\/\/irla.cat\/casairla\/wp-json\/wp\/v2\/users\/1"}],"replies":[{"embeddable":true,"href":"https:\/\/irla.cat\/casairla\/wp-json\/wp\/v2\/comments?post=1739"}],"version-history":[{"count":5,"href":"https:\/\/irla.cat\/casairla\/wp-json\/wp\/v2\/posts\/1739\/revisions"}],"predecessor-version":[{"id":1746,"href":"https:\/\/irla.cat\/casairla\/wp-json\/wp\/v2\/posts\/1739\/revisions\/1746"}],"wp:featuredmedia":[{"embeddable":true,"href":"https:\/\/irla.cat\/casairla\/wp-json\/wp\/v2\/media\/1740"}],"wp:attachment":[{"href":"https:\/\/irla.cat\/casairla\/wp-json\/wp\/v2\/media?parent=1739"}],"wp:term":[{"taxonomy":"category","embeddable":true,"href":"https:\/\/irla.cat\/casairla\/wp-json\/wp\/v2\/categories?post=1739"},{"taxonomy":"post_tag","embeddable":true,"href":"https:\/\/irla.cat\/casairla\/wp-json\/wp\/v2\/tags?post=1739"}],"curies":[{"name":"wp","href":"https:\/\/api.w.org\/{rel}","templated":true}]}}