{"id":1733,"date":"2022-06-28T09:21:56","date_gmt":"2022-06-28T07:21:56","guid":{"rendered":"https:\/\/irla.cat\/casairla\/?p=1733"},"modified":"2022-06-28T09:23:06","modified_gmt":"2022-06-28T07:23:06","slug":"2-de-juliol-presentacio-del-llibre-victor-torres-una-vida-republicana","status":"publish","type":"post","link":"https:\/\/irla.cat\/casairla\/2022\/06\/28\/2-de-juliol-presentacio-del-llibre-victor-torres-una-vida-republicana\/","title":{"rendered":"Dissabte 2 de juliol  presentaci\u00f3 del llibre\u00a0&#8220;V\u00edctor Torres. Una vida republicana&#8221;"},"content":{"rendered":"\n<p>Dissabte dia 2 de juliol a les 19 h presentem el llibre &#8220;V\u00edctor Torres. Una vida republicana&#8221; de Manuel L\u00f3pez<\/p>\n\n\n\n<p>V\u00edctor Torres i Perenya (Lleida, 1915-2011) fa honor a les seves dues il\u00b7lustres nissagues de republicans lleidatans i inicia de ben jove un comprom\u00eds pol\u00edtic, amb Esquerra Republicana, que no abandonar\u00e0 mai al llarg de la vida.<\/p>\n\n\n\n<p>Amb l\u2019esclat de la Guerra Civil, lidera els joves milicians de les JEREC de les terres de Ponent que s\u2019allisten voluntaris a la Columna Maci\u00e0-Companys; i durant el conflicte armat, lluita com a comissari primer al front d\u2019Arag\u00f3 i despr\u00e9s al front del Segre.<\/p>\n\n\n\n<p>A l\u2019exili, \u00e9s el bra\u00e7 dret del president de la Generalitat Josep Irla; a la fi del franquisme, retorna a Catalunya i esdev\u00e9 un dels l\u00edders de la renascuda Esquerra Republicana; i durant la represa democr\u00e0tica, ser\u00e0 diputat de les dues primeres legislatures del Parlament de Catalunya.<\/p>\n\n\n\n<p>Ja en la vellesa, retirat de la primera l\u00ednia pol\u00edtica, esdev\u00e9 un exemple per als joves que venen darrere, als qual mai no escatimar\u00e0 els seus consells, suport i encoratjament.<\/p>\n\n\n\n<p>Regalarem un exemplar del llibre al assistents<\/p>\n\n\n\n<p><\/p>\n","protected":false},"excerpt":{"rendered":"<p>Dissabte dia 2 de juliol a les 19 h presentem el llibre &#8220;V\u00edctor Torres. Una vida republicana&#8221; de Manuel L\u00f3pez<\/p>\n","protected":false},"author":1,"featured_media":1734,"comment_status":"closed","ping_status":"closed","sticky":false,"template":"","format":"standard","meta":{"footnotes":""},"categories":[1],"tags":[],"class_list":["post-1733","post","type-post","status-publish","format-standard","has-post-thumbnail","hentry","category-general"],"_links":{"self":[{"href":"https:\/\/irla.cat\/casairla\/wp-json\/wp\/v2\/posts\/1733","targetHints":{"allow":["GET"]}}],"collection":[{"href":"https:\/\/irla.cat\/casairla\/wp-json\/wp\/v2\/posts"}],"about":[{"href":"https:\/\/irla.cat\/casairla\/wp-json\/wp\/v2\/types\/post"}],"author":[{"embeddable":true,"href":"https:\/\/irla.cat\/casairla\/wp-json\/wp\/v2\/users\/1"}],"replies":[{"embeddable":true,"href":"https:\/\/irla.cat\/casairla\/wp-json\/wp\/v2\/comments?post=1733"}],"version-history":[{"count":3,"href":"https:\/\/irla.cat\/casairla\/wp-json\/wp\/v2\/posts\/1733\/revisions"}],"predecessor-version":[{"id":1738,"href":"https:\/\/irla.cat\/casairla\/wp-json\/wp\/v2\/posts\/1733\/revisions\/1738"}],"wp:featuredmedia":[{"embeddable":true,"href":"https:\/\/irla.cat\/casairla\/wp-json\/wp\/v2\/media\/1734"}],"wp:attachment":[{"href":"https:\/\/irla.cat\/casairla\/wp-json\/wp\/v2\/media?parent=1733"}],"wp:term":[{"taxonomy":"category","embeddable":true,"href":"https:\/\/irla.cat\/casairla\/wp-json\/wp\/v2\/categories?post=1733"},{"taxonomy":"post_tag","embeddable":true,"href":"https:\/\/irla.cat\/casairla\/wp-json\/wp\/v2\/tags?post=1733"}],"curies":[{"name":"wp","href":"https:\/\/api.w.org\/{rel}","templated":true}]}}