{"id":173,"date":"2014-01-28T16:51:56","date_gmt":"2014-01-28T15:51:56","guid":{"rendered":"http:\/\/www.irla.cat\/casairla\/?p=173"},"modified":"2017-03-14T16:56:00","modified_gmt":"2017-03-14T15:56:00","slug":"les-tres-vides-de-pedro-burruezo","status":"publish","type":"post","link":"https:\/\/irla.cat\/casairla\/2014\/01\/28\/les-tres-vides-de-pedro-burruezo\/","title":{"rendered":"Les tres vides de Pedro Burruezo"},"content":{"rendered":"<p>Aquest dissabte 1 de febrer de 2014 a les 19h a la Casa Irla es projectar\u00e0 la pel\u2022l\u00edcula: \u201cLes tres vides de Pedro Burruezo&#8221;.<\/p>\n<p>La pel\u00b7l\u00edcula recerca en la m\u00fasica l\u2019ecoactivisme i la vida espiritual de Pedro Burruezo amb un missatge espiritual transgressor. El film cont\u00e9 fragments del concert de Burruezo &amp; Boh\u00e8mia Camerata + Coral Cypsella a la sala simf\u00f2nica de l\u2019Auditori de Barcelona i tamb\u00e9 fragments de concerts de Claustrof\u00f2bia del 1984 i amb Extraperlo, en el 2010.<\/p>\n<p>Est\u00e0 rodat a l\u2019hort de la fam\u00edlia Mascots de Sant Feliu de Gu\u00edxols, al monestir de la vila i a diferents punts de l\u2019Hospitalet de Llobregat i Barcelona.<\/p>\n<p>&nbsp;<\/p>\n","protected":false},"excerpt":{"rendered":"<p>Aquest dissabte 1 de febrer de 2014 a les 19h a la Casa Irla es projectar\u00e0 la pel\u2022l\u00edcula: \u201cLes tres<\/p>\n","protected":false},"author":1,"featured_media":174,"comment_status":"open","ping_status":"open","sticky":false,"template":"template-centered.php","format":"standard","meta":{"footnotes":""},"categories":[1],"tags":[],"class_list":["post-173","post","type-post","status-publish","format-standard","has-post-thumbnail","hentry","category-general"],"_links":{"self":[{"href":"https:\/\/irla.cat\/casairla\/wp-json\/wp\/v2\/posts\/173","targetHints":{"allow":["GET"]}}],"collection":[{"href":"https:\/\/irla.cat\/casairla\/wp-json\/wp\/v2\/posts"}],"about":[{"href":"https:\/\/irla.cat\/casairla\/wp-json\/wp\/v2\/types\/post"}],"author":[{"embeddable":true,"href":"https:\/\/irla.cat\/casairla\/wp-json\/wp\/v2\/users\/1"}],"replies":[{"embeddable":true,"href":"https:\/\/irla.cat\/casairla\/wp-json\/wp\/v2\/comments?post=173"}],"version-history":[{"count":1,"href":"https:\/\/irla.cat\/casairla\/wp-json\/wp\/v2\/posts\/173\/revisions"}],"predecessor-version":[{"id":175,"href":"https:\/\/irla.cat\/casairla\/wp-json\/wp\/v2\/posts\/173\/revisions\/175"}],"wp:featuredmedia":[{"embeddable":true,"href":"https:\/\/irla.cat\/casairla\/wp-json\/wp\/v2\/media\/174"}],"wp:attachment":[{"href":"https:\/\/irla.cat\/casairla\/wp-json\/wp\/v2\/media?parent=173"}],"wp:term":[{"taxonomy":"category","embeddable":true,"href":"https:\/\/irla.cat\/casairla\/wp-json\/wp\/v2\/categories?post=173"},{"taxonomy":"post_tag","embeddable":true,"href":"https:\/\/irla.cat\/casairla\/wp-json\/wp\/v2\/tags?post=173"}],"curies":[{"name":"wp","href":"https:\/\/api.w.org\/{rel}","templated":true}]}}