{"id":1706,"date":"2022-06-02T09:33:00","date_gmt":"2022-06-02T07:33:00","guid":{"rendered":"https:\/\/irla.cat\/casairla\/?p=1706"},"modified":"2022-06-03T15:50:01","modified_gmt":"2022-06-03T13:50:01","slug":"diumenge-5-de-juny-a-les-1230h-concert-vermut-amb-uma","status":"publish","type":"post","link":"https:\/\/irla.cat\/casairla\/2022\/06\/02\/diumenge-5-de-juny-a-les-1230h-concert-vermut-amb-uma\/","title":{"rendered":"Diumenge 5 de juny a les 12:30h Concert-Vermut amb Uma"},"content":{"rendered":"\n<p>Diumenge 5 de juny a les 12:30h Concert-Vermut a la Casa Irla amb Uma Bunnang Uma Bunnang &#8220;Uma&#8221;.<\/p>\n\n\n\n<p>Uma Bunnang, coneguda art\u00edsticament com a \u201cUma\u201d, va llan\u00e7ar el seu primer single \u201cMockingbird\u201d ara far\u00e0 dos anys, amb el que ha arribat a acumular, \u00e9s de mig mili\u00f3 d\u2019streams a Spotify.<\/p>\n\n\n\n<p>La seva m\u00fasica \u00e9s una simbiosi acurada i fr\u00e0gil on s\u2019entrelliguen la tradici\u00f3 folk i l\u2019electr\u00f2nica m\u00e9s experimental, creant atmosferes sonores delicades i vibrants amb la seva veu c\u00e0lida i hipnotitzadora. Amb el llan\u00e7ament del seu primer EP el passat mes d\u2019abril, \u201cBel\u00b7li\u201d, n\u2019ha tingut prou perqu\u00e8, en els principals mitjans musicals independents i de tend\u00e8ncies (Neo2, Indiespot, Musikalia i Vein Magazine, entre d\u2019altres), l\u2019hagin destacat com una de les promeses m\u00e9s rellevants de l\u2019escena actual.<\/p>\n\n\n\n<p>Entrada gratu\u00efta<\/p>\n\n\n\n<p><\/p>\n","protected":false},"excerpt":{"rendered":"<p>Diumenge dia 5 de juny a les 12:30h Concert-Vermut a la Casa Irla amb Uma Bunnang Uma Bunnang &#8220;Uma&#8221;.<\/p>\n","protected":false},"author":1,"featured_media":1707,"comment_status":"closed","ping_status":"closed","sticky":false,"template":"","format":"standard","meta":{"footnotes":""},"categories":[1],"tags":[],"class_list":["post-1706","post","type-post","status-publish","format-standard","has-post-thumbnail","hentry","category-general"],"_links":{"self":[{"href":"https:\/\/irla.cat\/casairla\/wp-json\/wp\/v2\/posts\/1706","targetHints":{"allow":["GET"]}}],"collection":[{"href":"https:\/\/irla.cat\/casairla\/wp-json\/wp\/v2\/posts"}],"about":[{"href":"https:\/\/irla.cat\/casairla\/wp-json\/wp\/v2\/types\/post"}],"author":[{"embeddable":true,"href":"https:\/\/irla.cat\/casairla\/wp-json\/wp\/v2\/users\/1"}],"replies":[{"embeddable":true,"href":"https:\/\/irla.cat\/casairla\/wp-json\/wp\/v2\/comments?post=1706"}],"version-history":[{"count":3,"href":"https:\/\/irla.cat\/casairla\/wp-json\/wp\/v2\/posts\/1706\/revisions"}],"predecessor-version":[{"id":1714,"href":"https:\/\/irla.cat\/casairla\/wp-json\/wp\/v2\/posts\/1706\/revisions\/1714"}],"wp:featuredmedia":[{"embeddable":true,"href":"https:\/\/irla.cat\/casairla\/wp-json\/wp\/v2\/media\/1707"}],"wp:attachment":[{"href":"https:\/\/irla.cat\/casairla\/wp-json\/wp\/v2\/media?parent=1706"}],"wp:term":[{"taxonomy":"category","embeddable":true,"href":"https:\/\/irla.cat\/casairla\/wp-json\/wp\/v2\/categories?post=1706"},{"taxonomy":"post_tag","embeddable":true,"href":"https:\/\/irla.cat\/casairla\/wp-json\/wp\/v2\/tags?post=1706"}],"curies":[{"name":"wp","href":"https:\/\/api.w.org\/{rel}","templated":true}]}}