{"id":1703,"date":"2022-06-01T09:29:00","date_gmt":"2022-06-01T07:29:00","guid":{"rendered":"https:\/\/irla.cat\/casairla\/?p=1703"},"modified":"2022-05-30T09:32:31","modified_gmt":"2022-05-30T07:32:31","slug":"dissabte-dia-4-de-juny-aina-gatnau-presentara-el-seu-llibre-canviar-de-pell","status":"publish","type":"post","link":"https:\/\/irla.cat\/casairla\/2022\/06\/01\/dissabte-dia-4-de-juny-aina-gatnau-presentara-el-seu-llibre-canviar-de-pell\/","title":{"rendered":"Dissabte dia 4 de juny Aina Gatnau presentar\u00e0 el seu llibre &#8220;Canviar de pell&#8221;"},"content":{"rendered":"\n<p>Dissabte dia 4 de juny a les 19:00 h presentaci\u00f3 del llibre &#8220;Canviar de pell&#8221; d&#8217;Aina Gatnau.<\/p>\n\n\n\n<p>&#8220;Vaig fugir de casa amb les mans buides i amb aquell secret ressonant-me dins del cap a cada passa. Per\u00f2, per m\u00e9s que caminis, que marxis, que t\u2019allunyis, la hist\u00f2ria de la qual fuges t\u2019acompanya enganxada en forma d\u2019agulla al pit&#8221;.<\/p>\n\n\n\n<p>La vida de la jove Merc\u00e8 s\u2019esfondra un vespre quan entra al galliner del mas.<br><\/p>\n\n\n\n<p>El seu m\u00f3n es capgira tot d\u2019una i queda tacat de vermell, del vermell de la sang. Humiliada i obligada a callar el seu drama, es veu for\u00e7ada a marxar ben lluny de casa seva i a lluitar per ser feli\u00e7. Despr\u00e9s de travessar la Fran\u00e7a de la postguerra, s\u2019instal\u00b7la a Par\u00eds, on refar\u00e0 la seva vida, per\u00f2 &#8220;la inf\u00e0ncia \u00e9s un mapa del qual poques persones en surten&#8221;.<\/p>\n\n\n\n<p>Presenta el peridista Marc Farr\u00e0s<\/p>\n\n\n\n<p><\/p>\n","protected":false},"excerpt":{"rendered":"<p>Dissabte dia 4 de juny a les 19:00 h presentaci\u00f3 del llibre &#8220;Canviar de pell&#8221; d&#8217;Aina Gatnau.<\/p>\n","protected":false},"author":1,"featured_media":1704,"comment_status":"closed","ping_status":"closed","sticky":false,"template":"","format":"standard","meta":{"footnotes":""},"categories":[1],"tags":[],"class_list":["post-1703","post","type-post","status-publish","format-standard","has-post-thumbnail","hentry","category-general"],"_links":{"self":[{"href":"https:\/\/irla.cat\/casairla\/wp-json\/wp\/v2\/posts\/1703","targetHints":{"allow":["GET"]}}],"collection":[{"href":"https:\/\/irla.cat\/casairla\/wp-json\/wp\/v2\/posts"}],"about":[{"href":"https:\/\/irla.cat\/casairla\/wp-json\/wp\/v2\/types\/post"}],"author":[{"embeddable":true,"href":"https:\/\/irla.cat\/casairla\/wp-json\/wp\/v2\/users\/1"}],"replies":[{"embeddable":true,"href":"https:\/\/irla.cat\/casairla\/wp-json\/wp\/v2\/comments?post=1703"}],"version-history":[{"count":1,"href":"https:\/\/irla.cat\/casairla\/wp-json\/wp\/v2\/posts\/1703\/revisions"}],"predecessor-version":[{"id":1705,"href":"https:\/\/irla.cat\/casairla\/wp-json\/wp\/v2\/posts\/1703\/revisions\/1705"}],"wp:featuredmedia":[{"embeddable":true,"href":"https:\/\/irla.cat\/casairla\/wp-json\/wp\/v2\/media\/1704"}],"wp:attachment":[{"href":"https:\/\/irla.cat\/casairla\/wp-json\/wp\/v2\/media?parent=1703"}],"wp:term":[{"taxonomy":"category","embeddable":true,"href":"https:\/\/irla.cat\/casairla\/wp-json\/wp\/v2\/categories?post=1703"},{"taxonomy":"post_tag","embeddable":true,"href":"https:\/\/irla.cat\/casairla\/wp-json\/wp\/v2\/tags?post=1703"}],"curies":[{"name":"wp","href":"https:\/\/api.w.org\/{rel}","templated":true}]}}