{"id":1693,"date":"2022-05-25T09:00:00","date_gmt":"2022-05-25T07:00:00","guid":{"rendered":"https:\/\/irla.cat\/casairla\/?p=1693"},"modified":"2022-05-30T09:29:00","modified_gmt":"2022-05-30T07:29:00","slug":"dissabte-28-de-maig-josep-rull-presentara-1-dia-doctubre-i-2-poemes-quan-lesperanca-venc-la-por","status":"publish","type":"post","link":"https:\/\/irla.cat\/casairla\/2022\/05\/25\/dissabte-28-de-maig-josep-rull-presentara-1-dia-doctubre-i-2-poemes-quan-lesperanca-venc-la-por\/","title":{"rendered":"Dissabte 28 de maig Josep Rull presentar\u00e0 &#8220;1 dia d\u2019octubre i 2 poemes&#8221;"},"content":{"rendered":"\n<p>Josep Rull presentar\u00e0 el llibre &#8220;1 dia d\u2019octubre i 2 poemes. Quan l\u2019esperan\u00e7a ven\u00e7 la por&#8221; el dissabte 28 de maig a les 19 h<\/p>\n\n\n\n<p>&#8220;1 dia d\u2019octubre i 2 poemes. Quan l\u2019esperan\u00e7a ven\u00e7 la por&#8221; \u00e9s la cr\u00f2nica personal i pol\u00edtica d\u2019un per\u00edode cabdal de la hist\u00f2ria pol\u00edtica i contempor\u00e0nia de Catalunya. <\/p>\n\n\n\n<p>Escrit en unes condicions de gran intensitat emocional i pol\u00edtica, s\u2019hi desgrana -amb un to profundament hum\u00e0 i ser\u00e8 les hores, les experi\u00e8ncies, les reflexions, les amistats, les decepcions,&nbsp;les pors, les esperances i, sobretot, les profundes conviccions democr\u00e0tiques de l\u2019autor i el seu insubornable comprom\u00eds al servei de Catalunya.<\/p>\n\n\n\n<p>L&#8217;acte organitzat per Junts per Sant Feliu de Gu\u00edxols estar\u00e0 presentat per Toni Carri\u00f3n.<\/p>\n\n\n\n<p><\/p>\n","protected":false},"excerpt":{"rendered":"<p>Josep Rull preentar\u00e0 el llibre &#8220;1 dia d\u2019octubre i 2 poemes. Quan l\u2019esperan\u00e7a ven\u00e7 la por&#8221; dissabte 28 de maig a les 19 h<\/p>\n","protected":false},"author":1,"featured_media":1694,"comment_status":"closed","ping_status":"closed","sticky":false,"template":"","format":"standard","meta":{"footnotes":""},"categories":[1],"tags":[],"class_list":["post-1693","post","type-post","status-publish","format-standard","has-post-thumbnail","hentry","category-general"],"_links":{"self":[{"href":"https:\/\/irla.cat\/casairla\/wp-json\/wp\/v2\/posts\/1693","targetHints":{"allow":["GET"]}}],"collection":[{"href":"https:\/\/irla.cat\/casairla\/wp-json\/wp\/v2\/posts"}],"about":[{"href":"https:\/\/irla.cat\/casairla\/wp-json\/wp\/v2\/types\/post"}],"author":[{"embeddable":true,"href":"https:\/\/irla.cat\/casairla\/wp-json\/wp\/v2\/users\/1"}],"replies":[{"embeddable":true,"href":"https:\/\/irla.cat\/casairla\/wp-json\/wp\/v2\/comments?post=1693"}],"version-history":[{"count":4,"href":"https:\/\/irla.cat\/casairla\/wp-json\/wp\/v2\/posts\/1693\/revisions"}],"predecessor-version":[{"id":1702,"href":"https:\/\/irla.cat\/casairla\/wp-json\/wp\/v2\/posts\/1693\/revisions\/1702"}],"wp:featuredmedia":[{"embeddable":true,"href":"https:\/\/irla.cat\/casairla\/wp-json\/wp\/v2\/media\/1694"}],"wp:attachment":[{"href":"https:\/\/irla.cat\/casairla\/wp-json\/wp\/v2\/media?parent=1693"}],"wp:term":[{"taxonomy":"category","embeddable":true,"href":"https:\/\/irla.cat\/casairla\/wp-json\/wp\/v2\/categories?post=1693"},{"taxonomy":"post_tag","embeddable":true,"href":"https:\/\/irla.cat\/casairla\/wp-json\/wp\/v2\/tags?post=1693"}],"curies":[{"name":"wp","href":"https:\/\/api.w.org\/{rel}","templated":true}]}}