{"id":169,"date":"2014-01-27T16:45:16","date_gmt":"2014-01-27T15:45:16","guid":{"rendered":"http:\/\/www.irla.cat\/casairla\/?p=169"},"modified":"2017-03-15T00:48:14","modified_gmt":"2017-03-14T23:48:14","slug":"xarxa-solidaria","status":"publish","type":"post","link":"https:\/\/irla.cat\/casairla\/2014\/01\/27\/xarxa-solidaria\/","title":{"rendered":"Xarxa Solid\u00e0ria"},"content":{"rendered":"<div>La Xarxa Solid\u00e0ria de Sant Feliu de Gu\u00edxols organitza unes xerrades per presentar els projectes de cooperaci\u00f3 internacional en els quals est\u00e0 participant.<\/div>\n<p><!--more--><\/p>\n<div>Aquest divendres 31 de gener de 2014 a les 20h. a la Casa Irla ens explicaran els projectes que duen a terme a Equador, Filipines, Mo\u00e7ambic i El Salvador.<\/div>\n<div><img loading=\"lazy\" decoding=\"async\" class=\"aligncenter size-full wp-image-170\" src=\"http:\/\/www.irla.cat\/casairla\/wp-content\/uploads\/2017\/03\/Cartell-xerrada-cooperacio\u0301-Xarxa-Solida\u0300ria.jpg\" alt=\"\" width=\"500\" height=\"756\" srcset=\"https:\/\/irla.cat\/casairla\/wp-content\/uploads\/2017\/03\/Cartell-xerrada-cooperacio\u0301-Xarxa-Solida\u0300ria.jpg 500w, https:\/\/irla.cat\/casairla\/wp-content\/uploads\/2017\/03\/Cartell-xerrada-cooperacio\u0301-Xarxa-Solida\u0300ria-198x300.jpg 198w\" sizes=\"auto, (max-width: 500px) 100vw, 500px\" \/><\/div>\n","protected":false},"excerpt":{"rendered":"<p>La Xarxa Solid\u00e0ria de Sant Feliu de Gu\u00edxols organitza unes xerrades per presentar els projectes de cooperaci\u00f3 internacional en els<\/p>\n","protected":false},"author":1,"featured_media":200,"comment_status":"open","ping_status":"open","sticky":false,"template":"template-centered.php","format":"standard","meta":{"footnotes":""},"categories":[1],"tags":[],"class_list":["post-169","post","type-post","status-publish","format-standard","has-post-thumbnail","hentry","category-general"],"_links":{"self":[{"href":"https:\/\/irla.cat\/casairla\/wp-json\/wp\/v2\/posts\/169","targetHints":{"allow":["GET"]}}],"collection":[{"href":"https:\/\/irla.cat\/casairla\/wp-json\/wp\/v2\/posts"}],"about":[{"href":"https:\/\/irla.cat\/casairla\/wp-json\/wp\/v2\/types\/post"}],"author":[{"embeddable":true,"href":"https:\/\/irla.cat\/casairla\/wp-json\/wp\/v2\/users\/1"}],"replies":[{"embeddable":true,"href":"https:\/\/irla.cat\/casairla\/wp-json\/wp\/v2\/comments?post=169"}],"version-history":[{"count":1,"href":"https:\/\/irla.cat\/casairla\/wp-json\/wp\/v2\/posts\/169\/revisions"}],"predecessor-version":[{"id":172,"href":"https:\/\/irla.cat\/casairla\/wp-json\/wp\/v2\/posts\/169\/revisions\/172"}],"wp:featuredmedia":[{"embeddable":true,"href":"https:\/\/irla.cat\/casairla\/wp-json\/wp\/v2\/media\/200"}],"wp:attachment":[{"href":"https:\/\/irla.cat\/casairla\/wp-json\/wp\/v2\/media?parent=169"}],"wp:term":[{"taxonomy":"category","embeddable":true,"href":"https:\/\/irla.cat\/casairla\/wp-json\/wp\/v2\/categories?post=169"},{"taxonomy":"post_tag","embeddable":true,"href":"https:\/\/irla.cat\/casairla\/wp-json\/wp\/v2\/tags?post=169"}],"curies":[{"name":"wp","href":"https:\/\/api.w.org\/{rel}","templated":true}]}}