{"id":165,"date":"2014-01-26T16:41:27","date_gmt":"2014-01-26T15:41:27","guid":{"rendered":"http:\/\/www.irla.cat\/casairla\/?p=165"},"modified":"2017-03-15T00:47:33","modified_gmt":"2017-03-14T23:47:33","slug":"angel-colom-la-independencia-es-per-al-benestar-de-les-persones","status":"publish","type":"post","link":"https:\/\/irla.cat\/casairla\/2014\/01\/26\/angel-colom-la-independencia-es-per-al-benestar-de-les-persones\/","title":{"rendered":"\u00c0ngel Colom: la independ\u00e8ncia \u00e9s per al benestar de les persones"},"content":{"rendered":"<p>\u00c0ngel Colom va ser dissabte 25 de gener a la Casa Irla dins del marc del cicle &#8220;El pa\u00eds que volem&#8221;.<!--more--><\/p>\n<p>Ens va oferir una confer\u00e8ncia a l&#8217;entorn d&#8217;aquest nou estat catal\u00e0 que estem construint. Colom va afirmar que a banda de totes les raons identit\u00e0ries i hist\u00f2riques que envolten el proc\u00e9s hi ha una ra\u00f3 molt important que ha fet que la independ\u00e8ncia avui sigui possible: el benestar de les persones, la millora de la qualitat de vida, i la subsist\u00e8ncia de l&#8217;estat del benestar.<\/p>\n<p>En tant que president de la Fundaci\u00f3 Nous Catalans Colom va donar dades de la implicaci\u00f3 de la poblaci\u00f3 immigrada en el proc\u00e9s de construcci\u00f3 nacional: el 31% dels immigrants que fa m\u00e9s de dotze anys que viuen a Catalunya s\u00f3n favorables a la independ\u00e8ncia.<\/p>\n<p>Colom va afirmar amb contund\u00e8ncia que el 2014 els catalans votarem. Votarem la consulta convocada pel 9 de novembre o votarem pel nostre futur com a pa\u00eds, per\u00f2 el fet \u00e9s que en una data tan simb\u00f2lica com aquesta, 300 anys d&#8217;ocupaci\u00f3 i menysteniment del fet catal\u00e0, el poble de Catalunya t\u00e9 la ferma voluntat de votar i decidir el seu futur.<\/p>\n<p><img loading=\"lazy\" decoding=\"async\" class=\"aligncenter size-full wp-image-167\" src=\"http:\/\/www.irla.cat\/casairla\/wp-content\/uploads\/2017\/03\/A\u0300ngel-Colom-Casa-Irla-Plena.jpg\" alt=\"\" width=\"533\" height=\"400\" srcset=\"https:\/\/irla.cat\/casairla\/wp-content\/uploads\/2017\/03\/A\u0300ngel-Colom-Casa-Irla-Plena.jpg 533w, https:\/\/irla.cat\/casairla\/wp-content\/uploads\/2017\/03\/A\u0300ngel-Colom-Casa-Irla-Plena-300x225.jpg 300w\" sizes=\"auto, (max-width: 533px) 100vw, 533px\" \/><\/p>\n","protected":false},"excerpt":{"rendered":"<p>\u00c0ngel Colom va ser dissabte 25 de gener a la Casa Irla dins del marc del cicle &#8220;El pa\u00eds que<\/p>\n","protected":false},"author":1,"featured_media":199,"comment_status":"open","ping_status":"open","sticky":false,"template":"template-centered.php","format":"standard","meta":{"footnotes":""},"categories":[1],"tags":[],"class_list":["post-165","post","type-post","status-publish","format-standard","has-post-thumbnail","hentry","category-general"],"_links":{"self":[{"href":"https:\/\/irla.cat\/casairla\/wp-json\/wp\/v2\/posts\/165","targetHints":{"allow":["GET"]}}],"collection":[{"href":"https:\/\/irla.cat\/casairla\/wp-json\/wp\/v2\/posts"}],"about":[{"href":"https:\/\/irla.cat\/casairla\/wp-json\/wp\/v2\/types\/post"}],"author":[{"embeddable":true,"href":"https:\/\/irla.cat\/casairla\/wp-json\/wp\/v2\/users\/1"}],"replies":[{"embeddable":true,"href":"https:\/\/irla.cat\/casairla\/wp-json\/wp\/v2\/comments?post=165"}],"version-history":[{"count":1,"href":"https:\/\/irla.cat\/casairla\/wp-json\/wp\/v2\/posts\/165\/revisions"}],"predecessor-version":[{"id":168,"href":"https:\/\/irla.cat\/casairla\/wp-json\/wp\/v2\/posts\/165\/revisions\/168"}],"wp:featuredmedia":[{"embeddable":true,"href":"https:\/\/irla.cat\/casairla\/wp-json\/wp\/v2\/media\/199"}],"wp:attachment":[{"href":"https:\/\/irla.cat\/casairla\/wp-json\/wp\/v2\/media?parent=165"}],"wp:term":[{"taxonomy":"category","embeddable":true,"href":"https:\/\/irla.cat\/casairla\/wp-json\/wp\/v2\/categories?post=165"},{"taxonomy":"post_tag","embeddable":true,"href":"https:\/\/irla.cat\/casairla\/wp-json\/wp\/v2\/tags?post=165"}],"curies":[{"name":"wp","href":"https:\/\/api.w.org\/{rel}","templated":true}]}}